{"id":4402,"date":"2024-05-08T09:56:01","date_gmt":"2024-05-08T07:56:01","guid":{"rendered":"https:\/\/www.optical-particle-counter.com\/?p=4402"},"modified":"2024-06-20T15:16:39","modified_gmt":"2024-06-20T13:16:39","slug":"optimisation-energetique-avec-le-safyr-opc-dans-le-secteur-de-loptique","status":"publish","type":"post","link":"https:\/\/www.optical-particle-counter.com\/en\/2024\/05\/08\/optimisation-energetique-avec-le-safyr-opc-dans-le-secteur-de-loptique\/","title":{"rendered":"Optimisation \u00e9nerg\u00e9tique avec le safyr OPC dans le secteur de l&rsquo;optique"},"content":{"rendered":"<div data-elementor-type=\"wp-post\" data-elementor-id=\"4402\" class=\"elementor elementor-4402\" data-elementor-post-type=\"post\">\n\t\t\t\t\t\t<section class=\"elementor-section elementor-top-section elementor-element elementor-element-c9a3cc4 elementor-section-boxed elementor-section-height-default elementor-section-height-default\" data-id=\"c9a3cc4\" data-element_type=\"section\">\n\t\t\t\t\t\t<div class=\"elementor-container elementor-column-gap-default\">\n\t\t\t\t\t<div class=\"elementor-column elementor-col-100 elementor-top-column elementor-element elementor-element-cf2630c\" data-id=\"cf2630c\" data-element_type=\"column\">\n\t\t\t<div class=\"elementor-widget-wrap elementor-element-populated\">\n\t\t\t\t\t\t<div class=\"elementor-element elementor-element-9d83010 elementor-widget elementor-widget-text-editor\" data-id=\"9d83010\" data-element_type=\"widget\" data-widget_type=\"text-editor.default\">\n\t\t\t\t<div class=\"elementor-widget-container\">\n\t\t\t<style>\/*! elementor - v3.22.0 - 24-06-2024 *\/\n.elementor-widget-text-editor.elementor-drop-cap-view-stacked .elementor-drop-cap{background-color:#69727d;color:#fff}.elementor-widget-text-editor.elementor-drop-cap-view-framed .elementor-drop-cap{color:#69727d;border:3px solid;background-color:transparent}.elementor-widget-text-editor:not(.elementor-drop-cap-view-default) .elementor-drop-cap{margin-top:8px}.elementor-widget-text-editor:not(.elementor-drop-cap-view-default) .elementor-drop-cap-letter{width:1em;height:1em}.elementor-widget-text-editor .elementor-drop-cap{float:left;text-align:center;line-height:1;font-size:50px}.elementor-widget-text-editor .elementor-drop-cap-letter{display:inline-block}<\/style>\t\t\t\t<p>Dans le secteur de l&rsquo;optique, o\u00f9 la pr\u00e9cision et la propret\u00e9 sont essentielles \u00e0 la fabrication des composants optiques de haute qualit\u00e9, la qualit\u00e9 de l&rsquo;air dans les salles blanches rev\u00eat une importance capitale. Maintenir un environnement de travail st\u00e9rile et exempt de contaminants tout en minimisant les co\u00fbts \u00e9nerg\u00e9tiques constitue un d\u00e9fi majeur pour les entreprises du secteur. L&rsquo;association des compteurs optique particulaire (COP) et des pinces amp\u00e8rem\u00e9triques offre une solution innovante pour r\u00e9pondre \u00e0 ces exigences, en assurant une qualit\u00e9 d&rsquo;air optimale tout en r\u00e9duisant la consommation d&rsquo;\u00e9nergie.<br><\/p>\t\t\t\t\t\t<\/div>\n\t\t\t\t<\/div>\n\t\t\t\t<div class=\"elementor-element elementor-element-800777b elementor-widget elementor-widget-heading\" data-id=\"800777b\" data-element_type=\"widget\" data-widget_type=\"heading.default\">\n\t\t\t\t<div class=\"elementor-widget-container\">\n\t\t\t<style>\/*! elementor - v3.22.0 - 24-06-2024 *\/\n.elementor-heading-title{padding:0;margin:0;line-height:1}.elementor-widget-heading .elementor-heading-title[class*=elementor-size-]>a{color:inherit;font-size:inherit;line-height:inherit}.elementor-widget-heading .elementor-heading-title.elementor-size-small{font-size:15px}.elementor-widget-heading .elementor-heading-title.elementor-size-medium{font-size:19px}.elementor-widget-heading .elementor-heading-title.elementor-size-large{font-size:29px}.elementor-widget-heading .elementor-heading-title.elementor-size-xl{font-size:39px}.elementor-widget-heading .elementor-heading-title.elementor-size-xxl{font-size:59px}<\/style><h2 class=\"elementor-heading-title elementor-size-default\">Surveillance pr\u00e9cise de la qualit\u00e9 de l'air<\/h2>\t\t<\/div>\n\t\t\t\t<\/div>\n\t\t\t\t<div class=\"elementor-element elementor-element-2ea45b6 elementor-widget elementor-widget-text-editor\" data-id=\"2ea45b6\" data-element_type=\"widget\" data-widget_type=\"text-editor.default\">\n\t\t\t\t<div class=\"elementor-widget-container\">\n\t\t\t\t\t\t\t<p>Les COP jouent un r\u00f4le crucial dans la surveillance en temps r\u00e9el de la qualit\u00e9 de l&rsquo;air dans les salles blanches de l&rsquo;industrie optique. Ces dispositifs sophistiqu\u00e9s sont capables de d\u00e9tecter et de mesurer avec une grande pr\u00e9cision la concentration de particules en suspension dans l&rsquo;air, y compris les contaminants microscopiques qui pourraient compromettre la fabrication des composants optiques. En fournissant des donn\u00e9es pr\u00e9cises sur la propret\u00e9 de l&rsquo;environnement, les COP permettent une gestion proactive de la qualit\u00e9 de l&rsquo;air, minimisant ainsi les risques de d\u00e9fauts de fabrication et assurant la fiabilit\u00e9 des produits optiques.<\/p>\t\t\t\t\t\t<\/div>\n\t\t\t\t<\/div>\n\t\t\t\t<div class=\"elementor-element elementor-element-b5e20a6 elementor-widget elementor-widget-heading\" data-id=\"b5e20a6\" data-element_type=\"widget\" data-widget_type=\"heading.default\">\n\t\t\t\t<div class=\"elementor-widget-container\">\n\t\t\t<h2 class=\"elementor-heading-title elementor-size-default\">Analyse de la consommation d'\u00e9nergie<\/h2>\t\t<\/div>\n\t\t\t\t<\/div>\n\t\t\t\t<div class=\"elementor-element elementor-element-592dccf elementor-widget elementor-widget-text-editor\" data-id=\"592dccf\" data-element_type=\"widget\" data-widget_type=\"text-editor.default\">\n\t\t\t\t<div class=\"elementor-widget-container\">\n\t\t\t\t\t\t\t<p><span style=\"font-family: 'Times New Roman', serif; font-size: 16px;\">Les pinces amp\u00e8rem\u00e9triques sont des outils de mesure essentiels pour \u00e9valuer la consommation \u00e9lectrique des \u00e9quipements et des syst\u00e8mes dans les salles blanches optiques. En surveillant de pr\u00e8s la consommation d&rsquo;\u00e9nergie des syst\u00e8mes de ventilation, de filtration et de climatisation, les pinces amp\u00e8rem\u00e9triques fournissent des donn\u00e9es pr\u00e9cieuses sur les performances \u00e9nerg\u00e9tiques de ces \u00e9quipements.<\/span><\/p>\t\t\t\t\t\t<\/div>\n\t\t\t\t<\/div>\n\t\t\t\t<div class=\"elementor-element elementor-element-474365d elementor-widget elementor-widget-heading\" data-id=\"474365d\" data-element_type=\"widget\" data-widget_type=\"heading.default\">\n\t\t\t\t<div class=\"elementor-widget-container\">\n\t\t\t<h2 class=\"elementor-heading-title elementor-size-default\">Optimisation de l'efficacit\u00e9 \u00e9nerg\u00e9tique<\/h2>\t\t<\/div>\n\t\t\t\t<\/div>\n\t\t\t\t<div class=\"elementor-element elementor-element-ebb6893 elementor-widget elementor-widget-text-editor\" data-id=\"ebb6893\" data-element_type=\"widget\" data-widget_type=\"text-editor.default\">\n\t\t\t\t<div class=\"elementor-widget-container\">\n\t\t\t\t\t\t\t<p>En combinant les donn\u00e9es fournies par les COP et les pinces amp\u00e8rem\u00e9triques, les gestionnaires des salles blanches optiques peuvent mettre en \u0153uvre des strat\u00e9gies d&rsquo;optimisation de l&rsquo;efficacit\u00e9 \u00e9nerg\u00e9tique. Par exemple, en ajustant les param\u00e8tres de fonctionnement des syst\u00e8mes de ventilation et de filtration en fonction des donn\u00e9es en temps r\u00e9el des COP, il est possible de r\u00e9duire la consommation d&rsquo;\u00e9nergie tout en maintenant des niveaux de propret\u00e9 optimaux.<\/p>\t\t\t\t\t\t<\/div>\n\t\t\t\t<\/div>\n\t\t\t\t<div class=\"elementor-element elementor-element-ab75003 elementor-widget elementor-widget-heading\" data-id=\"ab75003\" data-element_type=\"widget\" data-widget_type=\"heading.default\">\n\t\t\t\t<div class=\"elementor-widget-container\">\n\t\t\t<h2 class=\"elementor-heading-title elementor-size-default\">Identification des zones \u00e0 risque<\/h2>\t\t<\/div>\n\t\t\t\t<\/div>\n\t\t\t\t<div class=\"elementor-element elementor-element-9b8f2d0 elementor-widget elementor-widget-text-editor\" data-id=\"9b8f2d0\" data-element_type=\"widget\" data-widget_type=\"text-editor.default\">\n\t\t\t\t<div class=\"elementor-widget-container\">\n\t\t\t\t\t\t\t<p>La combinaison de la surveillance de la qualit\u00e9 de l&rsquo;air et de l&rsquo;analyse de la consommation d&rsquo;\u00e9nergie permet \u00e9galement d&rsquo;identifier les zones \u00e0 risque et les inefficacit\u00e9s potentielles dans les syst\u00e8mes de gestion de l&rsquo;air des salles blanches optiques. Les donn\u00e9es recueillies permettent de d\u00e9tecter rapidement les sources de contamination, d&rsquo;anticiper les pannes des \u00e9quipements et de mettre en place des mesures correctives proactives.<\/p>\t\t\t\t\t\t<\/div>\n\t\t\t\t<\/div>\n\t\t\t\t<div class=\"elementor-element elementor-element-68af9ad elementor-widget elementor-widget-heading\" data-id=\"68af9ad\" data-element_type=\"widget\" data-widget_type=\"heading.default\">\n\t\t\t\t<div class=\"elementor-widget-container\">\n\t\t\t<h2 class=\"elementor-heading-title elementor-size-default\">R\u00e9duction des co\u00fbts op\u00e9rationnels<\/h2>\t\t<\/div>\n\t\t\t\t<\/div>\n\t\t\t\t<div class=\"elementor-element elementor-element-4eeb5fe elementor-widget elementor-widget-text-editor\" data-id=\"4eeb5fe\" data-element_type=\"widget\" data-widget_type=\"text-editor.default\">\n\t\t\t\t<div class=\"elementor-widget-container\">\n\t\t\t\t\t\t\t<p>En optimisant l&rsquo;efficacit\u00e9 \u00e9nerg\u00e9tique des syst\u00e8mes de ventilation et de filtration, l&rsquo;association des COP et des pinces amp\u00e8rem\u00e9triques permet de r\u00e9aliser des \u00e9conomies significatives sur les co\u00fbts op\u00e9rationnels des salles blanches optiques. Une utilisation plus efficace de l&rsquo;\u00e9nergie se traduit par une r\u00e9duction des factures d&rsquo;\u00e9lectricit\u00e9 et une diminution de l&#8217;empreinte environnementale, contribuant ainsi \u00e0 la rentabilit\u00e9 globale des entreprises du secteur de l&rsquo;optique.<\/p>\t\t\t\t\t\t<\/div>\n\t\t\t\t<\/div>\n\t\t\t\t<div class=\"elementor-element elementor-element-ce308e1 elementor-widget elementor-widget-heading\" data-id=\"ce308e1\" data-element_type=\"widget\" data-widget_type=\"heading.default\">\n\t\t\t\t<div class=\"elementor-widget-container\">\n\t\t\t<h2 class=\"elementor-heading-title elementor-size-default\">Conclusion<\/h2>\t\t<\/div>\n\t\t\t\t<\/div>\n\t\t\t\t<div class=\"elementor-element elementor-element-8bd9283 elementor-widget elementor-widget-text-editor\" data-id=\"8bd9283\" data-element_type=\"widget\" data-widget_type=\"text-editor.default\">\n\t\t\t\t<div class=\"elementor-widget-container\">\n\t\t\t\t\t\t\t<p>L&rsquo;association des compteurs optique particulaire et des pinces amp\u00e8rem\u00e9triques repr\u00e9sente une approche novatrice pour garantir la qualit\u00e9 de l&rsquo;air dans les salles blanches du secteur de l&rsquo;optique tout en r\u00e9duisant les co\u00fbts \u00e9nerg\u00e9tiques. En combinant la surveillance pr\u00e9cise de la qualit\u00e9 de l&rsquo;air avec l&rsquo;analyse de la consommation d&rsquo;\u00e9nergie, cette approche permet aux entreprises optiques de maintenir des environnements de travail st\u00e9riles et s\u00fbrs tout en r\u00e9alisant des \u00e9conomies significatives sur leurs co\u00fbts op\u00e9rationnels.<\/p>\t\t\t\t\t\t<\/div>\n\t\t\t\t<\/div>\n\t\t\t\t\t<\/div>\n\t\t<\/div>\n\t\t\t\t\t<\/div>\n\t\t<\/section>\n\t\t\t\t<\/div>","protected":false},"excerpt":{"rendered":"<p>Dans le secteur de l&rsquo;optique, o\u00f9 la pr\u00e9cision et la propret\u00e9 sont essentielles \u00e0 la fabrication des composants optiques de haute qualit\u00e9, la qualit\u00e9 de l&rsquo;air dans les salles blanches rev\u00eat une importance capitale. Maintenir un environnement de travail st\u00e9rile et exempt de contaminants tout en minimisant les co\u00fbts \u00e9nerg\u00e9tiques constitue un d\u00e9fi majeur pour [&hellip;]<\/p>","protected":false},"author":11,"featured_media":2113,"comment_status":"open","ping_status":"open","sticky":false,"template":"","format":"standard","meta":{"footnotes":""},"categories":[17],"tags":[],"class_list":["post-4402","post","type-post","status-publish","format-standard","has-post-thumbnail","hentry","category-economie-denergie"],"acf":[],"yoast_head":"<!-- This site is optimized with the Yoast SEO plugin v27.5 - https:\/\/yoast.com\/product\/yoast-seo-wordpress\/ -->\n<title>Optimisation \u00e9nerg\u00e9tique avec le safyr OPC dans le secteur de l&#039;optique - Safyr OPC<\/title>\n<meta name=\"description\" content=\"Optimisation \u00e9nerg\u00e9tique avec le safyr OPC dans le secteur de l&#039;optique : dans le secteur de l\u2019optique, o\u00f9 la pr\u00e9cision et la propret\u00e9 ...\" \/>\n<meta name=\"robots\" content=\"index, follow, max-snippet:-1, max-image-preview:large, max-video-preview:-1\" \/>\n<link rel=\"canonical\" href=\"https:\/\/www.optical-particle-counter.com\/en\/2024\/05\/08\/optimisation-energetique-avec-le-safyr-opc-dans-le-secteur-de-loptique\/\" \/>\n<meta property=\"og:locale\" content=\"en_US\" \/>\n<meta property=\"og:type\" content=\"article\" \/>\n<meta property=\"og:title\" content=\"Optimisation \u00e9nerg\u00e9tique avec le safyr OPC dans le secteur de l&#039;optique\" \/>\n<meta property=\"og:description\" content=\"Dans le secteur de l\u2019optique, o\u00f9 la pr\u00e9cision et la propret\u00e9 sont essentielles \u00e0 la fabrication des composants optiques de haute qualit\u00e9...\" \/>\n<meta property=\"og:url\" content=\"https:\/\/www.optical-particle-counter.com\/en\/2024\/05\/08\/optimisation-energetique-avec-le-safyr-opc-dans-le-secteur-de-loptique\/\" \/>\n<meta property=\"og:site_name\" content=\"Safyr OPC\" \/>\n<meta property=\"article:published_time\" content=\"2024-05-08T07:56:01+00:00\" \/>\n<meta property=\"article:modified_time\" content=\"2024-06-20T13:16:39+00:00\" \/>\n<meta property=\"og:image\" content=\"https:\/\/www.optical-particle-counter.com\/wp-content\/uploads\/2024\/05\/Plan-de-travail-1-copie-2_16@2x-100.jpg\" \/>\n\t<meta property=\"og:image:width\" content=\"2401\" \/>\n\t<meta property=\"og:image:height\" content=\"2401\" \/>\n\t<meta property=\"og:image:type\" content=\"image\/jpeg\" \/>\n<meta name=\"author\" content=\"justine.dubois@hex-group.eu\" \/>\n<meta name=\"twitter:card\" content=\"summary_large_image\" \/>\n<meta name=\"twitter:title\" content=\"Optimisation \u00e9nerg\u00e9tique avec le safyr OPC dans le secteur de l&#039;optique\" \/>\n<meta name=\"twitter:description\" content=\"Dans le secteur de l\u2019optique, o\u00f9 la pr\u00e9cision et la propret\u00e9 sont essentielles \u00e0 la fabrication des composants optiques de haute qualit\u00e9...\" \/>\n<meta name=\"twitter:image\" content=\"https:\/\/www.optical-particle-counter.com\/wp-content\/uploads\/2024\/05\/Plan-de-travail-1-copie-2_16@2x-100.jpg\" \/>\n<meta name=\"twitter:label1\" content=\"Written by\" \/>\n\t<meta name=\"twitter:data1\" content=\"justine.dubois@hex-group.eu\" \/>\n\t<meta name=\"twitter:label2\" content=\"Est. reading time\" \/>\n\t<meta name=\"twitter:data2\" content=\"3 minutes\" \/>\n<script type=\"application\/ld+json\" class=\"yoast-schema-graph\">{\"@context\":\"https:\\\/\\\/schema.org\",\"@graph\":[{\"@type\":\"Article\",\"@id\":\"https:\\\/\\\/www.optical-particle-counter.com\\\/2024\\\/05\\\/08\\\/optimisation-energetique-avec-le-safyr-opc-dans-le-secteur-de-loptique\\\/#article\",\"isPartOf\":{\"@id\":\"https:\\\/\\\/www.optical-particle-counter.com\\\/2024\\\/05\\\/08\\\/optimisation-energetique-avec-le-safyr-opc-dans-le-secteur-de-loptique\\\/\"},\"author\":{\"name\":\"justine.dubois@hex-group.eu\",\"@id\":\"https:\\\/\\\/www.optical-particle-counter.com\\\/#\\\/schema\\\/person\\\/8121505ee3243e95a9ff32c4fb2787d1\"},\"headline\":\"Optimisation \u00e9nerg\u00e9tique avec le safyr OPC dans le secteur de l&rsquo;optique\",\"datePublished\":\"2024-05-08T07:56:01+00:00\",\"dateModified\":\"2024-06-20T13:16:39+00:00\",\"mainEntityOfPage\":{\"@id\":\"https:\\\/\\\/www.optical-particle-counter.com\\\/2024\\\/05\\\/08\\\/optimisation-energetique-avec-le-safyr-opc-dans-le-secteur-de-loptique\\\/\"},\"wordCount\":617,\"commentCount\":0,\"publisher\":{\"@id\":\"https:\\\/\\\/www.optical-particle-counter.com\\\/#organization\"},\"image\":{\"@id\":\"https:\\\/\\\/www.optical-particle-counter.com\\\/2024\\\/05\\\/08\\\/optimisation-energetique-avec-le-safyr-opc-dans-le-secteur-de-loptique\\\/#primaryimage\"},\"thumbnailUrl\":\"https:\\\/\\\/www.optical-particle-counter.com\\\/wp-content\\\/uploads\\\/2022\\\/05\\\/david_plas_28526-1024x683-1.jpg\",\"articleSection\":[\"Economie d'\u00e9nergie\"],\"inLanguage\":\"en-US\",\"potentialAction\":[{\"@type\":\"CommentAction\",\"name\":\"Comment\",\"target\":[\"https:\\\/\\\/www.optical-particle-counter.com\\\/2024\\\/05\\\/08\\\/optimisation-energetique-avec-le-safyr-opc-dans-le-secteur-de-loptique\\\/#respond\"]}]},{\"@type\":\"WebPage\",\"@id\":\"https:\\\/\\\/www.optical-particle-counter.com\\\/2024\\\/05\\\/08\\\/optimisation-energetique-avec-le-safyr-opc-dans-le-secteur-de-loptique\\\/\",\"url\":\"https:\\\/\\\/www.optical-particle-counter.com\\\/2024\\\/05\\\/08\\\/optimisation-energetique-avec-le-safyr-opc-dans-le-secteur-de-loptique\\\/\",\"name\":\"Optimisation \u00e9nerg\u00e9tique avec le safyr OPC dans le secteur de l'optique - Safyr OPC\",\"isPartOf\":{\"@id\":\"https:\\\/\\\/www.optical-particle-counter.com\\\/#website\"},\"primaryImageOfPage\":{\"@id\":\"https:\\\/\\\/www.optical-particle-counter.com\\\/2024\\\/05\\\/08\\\/optimisation-energetique-avec-le-safyr-opc-dans-le-secteur-de-loptique\\\/#primaryimage\"},\"image\":{\"@id\":\"https:\\\/\\\/www.optical-particle-counter.com\\\/2024\\\/05\\\/08\\\/optimisation-energetique-avec-le-safyr-opc-dans-le-secteur-de-loptique\\\/#primaryimage\"},\"thumbnailUrl\":\"https:\\\/\\\/www.optical-particle-counter.com\\\/wp-content\\\/uploads\\\/2022\\\/05\\\/david_plas_28526-1024x683-1.jpg\",\"datePublished\":\"2024-05-08T07:56:01+00:00\",\"dateModified\":\"2024-06-20T13:16:39+00:00\",\"description\":\"Optimisation \u00e9nerg\u00e9tique avec le safyr OPC dans le secteur de l'optique : dans le secteur de l\u2019optique, o\u00f9 la pr\u00e9cision et la propret\u00e9 ...\",\"breadcrumb\":{\"@id\":\"https:\\\/\\\/www.optical-particle-counter.com\\\/2024\\\/05\\\/08\\\/optimisation-energetique-avec-le-safyr-opc-dans-le-secteur-de-loptique\\\/#breadcrumb\"},\"inLanguage\":\"en-US\",\"potentialAction\":[{\"@type\":\"ReadAction\",\"target\":[\"https:\\\/\\\/www.optical-particle-counter.com\\\/2024\\\/05\\\/08\\\/optimisation-energetique-avec-le-safyr-opc-dans-le-secteur-de-loptique\\\/\"]}]},{\"@type\":\"ImageObject\",\"inLanguage\":\"en-US\",\"@id\":\"https:\\\/\\\/www.optical-particle-counter.com\\\/2024\\\/05\\\/08\\\/optimisation-energetique-avec-le-safyr-opc-dans-le-secteur-de-loptique\\\/#primaryimage\",\"url\":\"https:\\\/\\\/www.optical-particle-counter.com\\\/wp-content\\\/uploads\\\/2022\\\/05\\\/david_plas_28526-1024x683-1.jpg\",\"contentUrl\":\"https:\\\/\\\/www.optical-particle-counter.com\\\/wp-content\\\/uploads\\\/2022\\\/05\\\/david_plas_28526-1024x683-1.jpg\",\"width\":1024,\"height\":683,\"caption\":\"Diff\u00e9rences entre qualification \\\/ surveillance dans les environnements critiques ?\"},{\"@type\":\"BreadcrumbList\",\"@id\":\"https:\\\/\\\/www.optical-particle-counter.com\\\/2024\\\/05\\\/08\\\/optimisation-energetique-avec-le-safyr-opc-dans-le-secteur-de-loptique\\\/#breadcrumb\",\"itemListElement\":[{\"@type\":\"ListItem\",\"position\":1,\"name\":\"Accueil\",\"item\":\"https:\\\/\\\/www.optical-particle-counter.com\\\/\"},{\"@type\":\"ListItem\",\"position\":2,\"name\":\"Optimisation \u00e9nerg\u00e9tique avec le safyr OPC dans le secteur de l&rsquo;optique\"}]},{\"@type\":\"WebSite\",\"@id\":\"https:\\\/\\\/www.optical-particle-counter.com\\\/#website\",\"url\":\"https:\\\/\\\/www.optical-particle-counter.com\\\/\",\"name\":\"Safyr OPC\",\"description\":\"Optical Particle Counter\",\"publisher\":{\"@id\":\"https:\\\/\\\/www.optical-particle-counter.com\\\/#organization\"},\"potentialAction\":[{\"@type\":\"SearchAction\",\"target\":{\"@type\":\"EntryPoint\",\"urlTemplate\":\"https:\\\/\\\/www.optical-particle-counter.com\\\/?s={search_term_string}\"},\"query-input\":{\"@type\":\"PropertyValueSpecification\",\"valueRequired\":true,\"valueName\":\"search_term_string\"}}],\"inLanguage\":\"en-US\"},{\"@type\":\"Organization\",\"@id\":\"https:\\\/\\\/www.optical-particle-counter.com\\\/#organization\",\"name\":\"Safyr OPC\",\"url\":\"https:\\\/\\\/www.optical-particle-counter.com\\\/\",\"logo\":{\"@type\":\"ImageObject\",\"inLanguage\":\"en-US\",\"@id\":\"https:\\\/\\\/www.optical-particle-counter.com\\\/#\\\/schema\\\/logo\\\/image\\\/\",\"url\":\"https:\\\/\\\/www.optical-particle-counter.com\\\/wp-content\\\/uploads\\\/2022\\\/01\\\/Logo-Safyr-OPC.svg\",\"contentUrl\":\"https:\\\/\\\/www.optical-particle-counter.com\\\/wp-content\\\/uploads\\\/2022\\\/01\\\/Logo-Safyr-OPC.svg\",\"width\":176,\"height\":33,\"caption\":\"Safyr OPC\"},\"image\":{\"@id\":\"https:\\\/\\\/www.optical-particle-counter.com\\\/#\\\/schema\\\/logo\\\/image\\\/\"}},{\"@type\":\"Person\",\"@id\":\"https:\\\/\\\/www.optical-particle-counter.com\\\/#\\\/schema\\\/person\\\/8121505ee3243e95a9ff32c4fb2787d1\",\"name\":\"justine.dubois@hex-group.eu\",\"image\":{\"@type\":\"ImageObject\",\"inLanguage\":\"en-US\",\"@id\":\"https:\\\/\\\/secure.gravatar.com\\\/avatar\\\/a3e8357c2801d913e5a555e0524180e15983979de06c92d4cadb7ec607f6420e?s=96&d=mm&r=g\",\"url\":\"https:\\\/\\\/secure.gravatar.com\\\/avatar\\\/a3e8357c2801d913e5a555e0524180e15983979de06c92d4cadb7ec607f6420e?s=96&d=mm&r=g\",\"contentUrl\":\"https:\\\/\\\/secure.gravatar.com\\\/avatar\\\/a3e8357c2801d913e5a555e0524180e15983979de06c92d4cadb7ec607f6420e?s=96&d=mm&r=g\",\"caption\":\"justine.dubois@hex-group.eu\"},\"url\":\"https:\\\/\\\/www.optical-particle-counter.com\\\/en\\\/author\\\/justine-duboishex-group-eu\\\/\"}]}<\/script>\n<!-- \/ Yoast SEO plugin. -->","yoast_head_json":{"title":"Optimisation \u00e9nerg\u00e9tique avec le safyr OPC dans le secteur de l'optique - Safyr OPC","description":"Optimisation \u00e9nerg\u00e9tique avec le safyr OPC dans le secteur de l'optique : dans le secteur de l\u2019optique, o\u00f9 la pr\u00e9cision et la propret\u00e9 ...","robots":{"index":"index","follow":"follow","max-snippet":"max-snippet:-1","max-image-preview":"max-image-preview:large","max-video-preview":"max-video-preview:-1"},"canonical":"https:\/\/www.optical-particle-counter.com\/en\/2024\/05\/08\/optimisation-energetique-avec-le-safyr-opc-dans-le-secteur-de-loptique\/","og_locale":"en_US","og_type":"article","og_title":"Optimisation \u00e9nerg\u00e9tique avec le safyr OPC dans le secteur de l'optique","og_description":"Dans le secteur de l\u2019optique, o\u00f9 la pr\u00e9cision et la propret\u00e9 sont essentielles \u00e0 la fabrication des composants optiques de haute qualit\u00e9...","og_url":"https:\/\/www.optical-particle-counter.com\/en\/2024\/05\/08\/optimisation-energetique-avec-le-safyr-opc-dans-le-secteur-de-loptique\/","og_site_name":"Safyr OPC","article_published_time":"2024-05-08T07:56:01+00:00","article_modified_time":"2024-06-20T13:16:39+00:00","og_image":[{"width":2401,"height":2401,"url":"https:\/\/www.optical-particle-counter.com\/wp-content\/uploads\/2024\/05\/Plan-de-travail-1-copie-2_16@2x-100.jpg","type":"image\/jpeg"}],"author":"justine.dubois@hex-group.eu","twitter_card":"summary_large_image","twitter_title":"Optimisation \u00e9nerg\u00e9tique avec le safyr OPC dans le secteur de l'optique","twitter_description":"Dans le secteur de l\u2019optique, o\u00f9 la pr\u00e9cision et la propret\u00e9 sont essentielles \u00e0 la fabrication des composants optiques de haute qualit\u00e9...","twitter_image":"https:\/\/www.optical-particle-counter.com\/wp-content\/uploads\/2024\/05\/Plan-de-travail-1-copie-2_16@2x-100.jpg","twitter_misc":{"Written by":"justine.dubois@hex-group.eu","Est. reading time":"3 minutes"},"schema":{"@context":"https:\/\/schema.org","@graph":[{"@type":"Article","@id":"https:\/\/www.optical-particle-counter.com\/2024\/05\/08\/optimisation-energetique-avec-le-safyr-opc-dans-le-secteur-de-loptique\/#article","isPartOf":{"@id":"https:\/\/www.optical-particle-counter.com\/2024\/05\/08\/optimisation-energetique-avec-le-safyr-opc-dans-le-secteur-de-loptique\/"},"author":{"name":"justine.dubois@hex-group.eu","@id":"https:\/\/www.optical-particle-counter.com\/#\/schema\/person\/8121505ee3243e95a9ff32c4fb2787d1"},"headline":"Optimisation \u00e9nerg\u00e9tique avec le safyr OPC dans le secteur de l&rsquo;optique","datePublished":"2024-05-08T07:56:01+00:00","dateModified":"2024-06-20T13:16:39+00:00","mainEntityOfPage":{"@id":"https:\/\/www.optical-particle-counter.com\/2024\/05\/08\/optimisation-energetique-avec-le-safyr-opc-dans-le-secteur-de-loptique\/"},"wordCount":617,"commentCount":0,"publisher":{"@id":"https:\/\/www.optical-particle-counter.com\/#organization"},"image":{"@id":"https:\/\/www.optical-particle-counter.com\/2024\/05\/08\/optimisation-energetique-avec-le-safyr-opc-dans-le-secteur-de-loptique\/#primaryimage"},"thumbnailUrl":"https:\/\/www.optical-particle-counter.com\/wp-content\/uploads\/2022\/05\/david_plas_28526-1024x683-1.jpg","articleSection":["Economie d'\u00e9nergie"],"inLanguage":"en-US","potentialAction":[{"@type":"CommentAction","name":"Comment","target":["https:\/\/www.optical-particle-counter.com\/2024\/05\/08\/optimisation-energetique-avec-le-safyr-opc-dans-le-secteur-de-loptique\/#respond"]}]},{"@type":"WebPage","@id":"https:\/\/www.optical-particle-counter.com\/2024\/05\/08\/optimisation-energetique-avec-le-safyr-opc-dans-le-secteur-de-loptique\/","url":"https:\/\/www.optical-particle-counter.com\/2024\/05\/08\/optimisation-energetique-avec-le-safyr-opc-dans-le-secteur-de-loptique\/","name":"Optimisation \u00e9nerg\u00e9tique avec le safyr OPC dans le secteur de l'optique - Safyr OPC","isPartOf":{"@id":"https:\/\/www.optical-particle-counter.com\/#website"},"primaryImageOfPage":{"@id":"https:\/\/www.optical-particle-counter.com\/2024\/05\/08\/optimisation-energetique-avec-le-safyr-opc-dans-le-secteur-de-loptique\/#primaryimage"},"image":{"@id":"https:\/\/www.optical-particle-counter.com\/2024\/05\/08\/optimisation-energetique-avec-le-safyr-opc-dans-le-secteur-de-loptique\/#primaryimage"},"thumbnailUrl":"https:\/\/www.optical-particle-counter.com\/wp-content\/uploads\/2022\/05\/david_plas_28526-1024x683-1.jpg","datePublished":"2024-05-08T07:56:01+00:00","dateModified":"2024-06-20T13:16:39+00:00","description":"Optimisation \u00e9nerg\u00e9tique avec le safyr OPC dans le secteur de l'optique : dans le secteur de l\u2019optique, o\u00f9 la pr\u00e9cision et la propret\u00e9 ...","breadcrumb":{"@id":"https:\/\/www.optical-particle-counter.com\/2024\/05\/08\/optimisation-energetique-avec-le-safyr-opc-dans-le-secteur-de-loptique\/#breadcrumb"},"inLanguage":"en-US","potentialAction":[{"@type":"ReadAction","target":["https:\/\/www.optical-particle-counter.com\/2024\/05\/08\/optimisation-energetique-avec-le-safyr-opc-dans-le-secteur-de-loptique\/"]}]},{"@type":"ImageObject","inLanguage":"en-US","@id":"https:\/\/www.optical-particle-counter.com\/2024\/05\/08\/optimisation-energetique-avec-le-safyr-opc-dans-le-secteur-de-loptique\/#primaryimage","url":"https:\/\/www.optical-particle-counter.com\/wp-content\/uploads\/2022\/05\/david_plas_28526-1024x683-1.jpg","contentUrl":"https:\/\/www.optical-particle-counter.com\/wp-content\/uploads\/2022\/05\/david_plas_28526-1024x683-1.jpg","width":1024,"height":683,"caption":"Diff\u00e9rences entre qualification \/ surveillance dans les environnements critiques ?"},{"@type":"BreadcrumbList","@id":"https:\/\/www.optical-particle-counter.com\/2024\/05\/08\/optimisation-energetique-avec-le-safyr-opc-dans-le-secteur-de-loptique\/#breadcrumb","itemListElement":[{"@type":"ListItem","position":1,"name":"Accueil","item":"https:\/\/www.optical-particle-counter.com\/"},{"@type":"ListItem","position":2,"name":"Optimisation \u00e9nerg\u00e9tique avec le safyr OPC dans le secteur de l&rsquo;optique"}]},{"@type":"WebSite","@id":"https:\/\/www.optical-particle-counter.com\/#website","url":"https:\/\/www.optical-particle-counter.com\/","name":"Safyr OPC","description":"Optical Particle Counter","publisher":{"@id":"https:\/\/www.optical-particle-counter.com\/#organization"},"potentialAction":[{"@type":"SearchAction","target":{"@type":"EntryPoint","urlTemplate":"https:\/\/www.optical-particle-counter.com\/?s={search_term_string}"},"query-input":{"@type":"PropertyValueSpecification","valueRequired":true,"valueName":"search_term_string"}}],"inLanguage":"en-US"},{"@type":"Organization","@id":"https:\/\/www.optical-particle-counter.com\/#organization","name":"Safyr OPC","url":"https:\/\/www.optical-particle-counter.com\/","logo":{"@type":"ImageObject","inLanguage":"en-US","@id":"https:\/\/www.optical-particle-counter.com\/#\/schema\/logo\/image\/","url":"https:\/\/www.optical-particle-counter.com\/wp-content\/uploads\/2022\/01\/Logo-Safyr-OPC.svg","contentUrl":"https:\/\/www.optical-particle-counter.com\/wp-content\/uploads\/2022\/01\/Logo-Safyr-OPC.svg","width":176,"height":33,"caption":"Safyr OPC"},"image":{"@id":"https:\/\/www.optical-particle-counter.com\/#\/schema\/logo\/image\/"}},{"@type":"Person","@id":"https:\/\/www.optical-particle-counter.com\/#\/schema\/person\/8121505ee3243e95a9ff32c4fb2787d1","name":"justine.dubois@hex-group.eu","image":{"@type":"ImageObject","inLanguage":"en-US","@id":"https:\/\/secure.gravatar.com\/avatar\/a3e8357c2801d913e5a555e0524180e15983979de06c92d4cadb7ec607f6420e?s=96&d=mm&r=g","url":"https:\/\/secure.gravatar.com\/avatar\/a3e8357c2801d913e5a555e0524180e15983979de06c92d4cadb7ec607f6420e?s=96&d=mm&r=g","contentUrl":"https:\/\/secure.gravatar.com\/avatar\/a3e8357c2801d913e5a555e0524180e15983979de06c92d4cadb7ec607f6420e?s=96&d=mm&r=g","caption":"justine.dubois@hex-group.eu"},"url":"https:\/\/www.optical-particle-counter.com\/en\/author\/justine-duboishex-group-eu\/"}]}},"_links":{"self":[{"href":"https:\/\/www.optical-particle-counter.com\/en\/wp-json\/wp\/v2\/posts\/4402","targetHints":{"allow":["GET"]}}],"collection":[{"href":"https:\/\/www.optical-particle-counter.com\/en\/wp-json\/wp\/v2\/posts"}],"about":[{"href":"https:\/\/www.optical-particle-counter.com\/en\/wp-json\/wp\/v2\/types\/post"}],"author":[{"embeddable":true,"href":"https:\/\/www.optical-particle-counter.com\/en\/wp-json\/wp\/v2\/users\/11"}],"replies":[{"embeddable":true,"href":"https:\/\/www.optical-particle-counter.com\/en\/wp-json\/wp\/v2\/comments?post=4402"}],"version-history":[{"count":13,"href":"https:\/\/www.optical-particle-counter.com\/en\/wp-json\/wp\/v2\/posts\/4402\/revisions"}],"predecessor-version":[{"id":4612,"href":"https:\/\/www.optical-particle-counter.com\/en\/wp-json\/wp\/v2\/posts\/4402\/revisions\/4612"}],"wp:featuredmedia":[{"embeddable":true,"href":"https:\/\/www.optical-particle-counter.com\/en\/wp-json\/wp\/v2\/media\/2113"}],"wp:attachment":[{"href":"https:\/\/www.optical-particle-counter.com\/en\/wp-json\/wp\/v2\/media?parent=4402"}],"wp:term":[{"taxonomy":"category","embeddable":true,"href":"https:\/\/www.optical-particle-counter.com\/en\/wp-json\/wp\/v2\/categories?post=4402"},{"taxonomy":"post_tag","embeddable":true,"href":"https:\/\/www.optical-particle-counter.com\/en\/wp-json\/wp\/v2\/tags?post=4402"}],"curies":[{"name":"wp","href":"https:\/\/api.w.org\/{rel}","templated":true}]}}