{"id":4394,"date":"2024-05-07T15:07:21","date_gmt":"2024-05-07T13:07:21","guid":{"rendered":"https:\/\/www.optical-particle-counter.com\/?p=4394"},"modified":"2024-06-20T15:01:02","modified_gmt":"2024-06-20T13:01:02","slug":"optimisation-energetique-avec-le-safyr-opc-dans-le-secteur-des-batteries","status":"publish","type":"post","link":"https:\/\/www.optical-particle-counter.com\/en\/2024\/05\/07\/optimisation-energetique-avec-le-safyr-opc-dans-le-secteur-des-batteries\/","title":{"rendered":"Optimisation \u00e9nerg\u00e9tique avec le safyr OPC dans le secteur des batteries"},"content":{"rendered":"<div data-elementor-type=\"wp-post\" data-elementor-id=\"4394\" class=\"elementor elementor-4394\" data-elementor-post-type=\"post\">\n\t\t\t\t\t\t<section class=\"elementor-section elementor-top-section elementor-element elementor-element-51ceb4a elementor-section-boxed elementor-section-height-default elementor-section-height-default\" data-id=\"51ceb4a\" data-element_type=\"section\">\n\t\t\t\t\t\t<div class=\"elementor-container elementor-column-gap-default\">\n\t\t\t\t\t<div class=\"elementor-column elementor-col-100 elementor-top-column elementor-element elementor-element-2576d1e\" data-id=\"2576d1e\" data-element_type=\"column\">\n\t\t\t<div class=\"elementor-widget-wrap elementor-element-populated\">\n\t\t\t\t\t\t<div class=\"elementor-element elementor-element-4a324de elementor-widget elementor-widget-text-editor\" data-id=\"4a324de\" data-element_type=\"widget\" data-widget_type=\"text-editor.default\">\n\t\t\t\t<div class=\"elementor-widget-container\">\n\t\t\t<style>\/*! elementor - v3.22.0 - 24-06-2024 *\/\n.elementor-widget-text-editor.elementor-drop-cap-view-stacked .elementor-drop-cap{background-color:#69727d;color:#fff}.elementor-widget-text-editor.elementor-drop-cap-view-framed .elementor-drop-cap{color:#69727d;border:3px solid;background-color:transparent}.elementor-widget-text-editor:not(.elementor-drop-cap-view-default) .elementor-drop-cap{margin-top:8px}.elementor-widget-text-editor:not(.elementor-drop-cap-view-default) .elementor-drop-cap-letter{width:1em;height:1em}.elementor-widget-text-editor .elementor-drop-cap{float:left;text-align:center;line-height:1;font-size:50px}.elementor-widget-text-editor .elementor-drop-cap-letter{display:inline-block}<\/style>\t\t\t\t<p class=\"MsoNormal\">Dans le secteur des batteries, o\u00f9 la production de cellules \u00e9lectrochimiques exige un environnement de travail propre et contr\u00f4l\u00e9, la qualit\u00e9 de l&rsquo;air dans les salles blanches rev\u00eat une importance capitale. Assurer un niveau \u00e9lev\u00e9 de propret\u00e9 tout en minimisant les co\u00fbts \u00e9nerg\u00e9tiques constitue un d\u00e9fi majeur pour les entreprises du secteur. L&rsquo;association des compteurs optique particulaire (COP) et des pinces amp\u00e8rem\u00e9triques offre une solution innovante pour r\u00e9pondre \u00e0 ces exigences, en assurant une qualit\u00e9 d&rsquo;air optimale tout en r\u00e9duisant la consommation d&rsquo;\u00e9nergie.<\/p>\t\t\t\t\t\t<\/div>\n\t\t\t\t<\/div>\n\t\t\t\t<div class=\"elementor-element elementor-element-de438c0 elementor-widget elementor-widget-heading\" data-id=\"de438c0\" data-element_type=\"widget\" data-widget_type=\"heading.default\">\n\t\t\t\t<div class=\"elementor-widget-container\">\n\t\t\t<style>\/*! elementor - v3.22.0 - 24-06-2024 *\/\n.elementor-heading-title{padding:0;margin:0;line-height:1}.elementor-widget-heading .elementor-heading-title[class*=elementor-size-]>a{color:inherit;font-size:inherit;line-height:inherit}.elementor-widget-heading .elementor-heading-title.elementor-size-small{font-size:15px}.elementor-widget-heading .elementor-heading-title.elementor-size-medium{font-size:19px}.elementor-widget-heading .elementor-heading-title.elementor-size-large{font-size:29px}.elementor-widget-heading .elementor-heading-title.elementor-size-xl{font-size:39px}.elementor-widget-heading .elementor-heading-title.elementor-size-xxl{font-size:59px}<\/style><h2 class=\"elementor-heading-title elementor-size-default\">Surveillance pr\u00e9cise de la qualit\u00e9 de l'air<\/h2>\t\t<\/div>\n\t\t\t\t<\/div>\n\t\t\t\t<div class=\"elementor-element elementor-element-b5bba01 elementor-widget elementor-widget-text-editor\" data-id=\"b5bba01\" data-element_type=\"widget\" data-widget_type=\"text-editor.default\">\n\t\t\t\t<div class=\"elementor-widget-container\">\n\t\t\t\t\t\t\t<p class=\"MsoNormal\">Les COP jouent un r\u00f4le crucial dans la surveillance en temps r\u00e9el de la qualit\u00e9 de l&rsquo;air dans les salles blanches de production de batteries. Ces dispositifs sophistiqu\u00e9s sont capables de d\u00e9tecter et de mesurer avec pr\u00e9cision la concentration de particules en suspension dans l&rsquo;air, incluant les contaminants potentiellement n\u00e9fastes pour les processus de fabrication des batteries. En fournissant des donn\u00e9es pr\u00e9cises sur la propret\u00e9 de l&rsquo;environnement, les COP permettent une gestion proactive de la qualit\u00e9 de l&rsquo;air, r\u00e9duisant ainsi les risques de contamination et garantissant la fiabilit\u00e9 des batteries produites.<\/p>\t\t\t\t\t\t<\/div>\n\t\t\t\t<\/div>\n\t\t\t\t<div class=\"elementor-element elementor-element-9f73bfe elementor-widget elementor-widget-heading\" data-id=\"9f73bfe\" data-element_type=\"widget\" data-widget_type=\"heading.default\">\n\t\t\t\t<div class=\"elementor-widget-container\">\n\t\t\t<h2 class=\"elementor-heading-title elementor-size-default\"><p>Analyse de la consommation d'\u00e9nergie<span style=\"color: var( --e-global-color-primary ); font-family: var( --e-global-typography-primary-font-family ), Sans-serif; font-size: var( --e-global-typography-primary-font-size ); font-weight: var( --e-global-typography-primary-font-weight );\"><\/span><\/p><\/h2>\t\t<\/div>\n\t\t\t\t<\/div>\n\t\t\t\t<div class=\"elementor-element elementor-element-419e73c elementor-widget elementor-widget-text-editor\" data-id=\"419e73c\" data-element_type=\"widget\" data-widget_type=\"text-editor.default\">\n\t\t\t\t<div class=\"elementor-widget-container\">\n\t\t\t\t\t\t\t<p class=\"MsoNormal\">Les pinces amp\u00e8rem\u00e9triques sont des outils de mesure essentiels pour \u00e9valuer la consommation \u00e9lectrique des \u00e9quipements et des syst\u00e8mes dans les salles blanches de production de batteries. En surveillant \u00e9troitement la consommation d&rsquo;\u00e9nergie des syst\u00e8mes de ventilation, de filtration et de climatisation, les pinces amp\u00e8rem\u00e9triques fournissent des donn\u00e9es pr\u00e9cieuses sur les performances \u00e9nerg\u00e9tiques de ces \u00e9quipements.<\/p>\t\t\t\t\t\t<\/div>\n\t\t\t\t<\/div>\n\t\t\t\t<div class=\"elementor-element elementor-element-3221b86 elementor-widget elementor-widget-heading\" data-id=\"3221b86\" data-element_type=\"widget\" data-widget_type=\"heading.default\">\n\t\t\t\t<div class=\"elementor-widget-container\">\n\t\t\t<h2 class=\"elementor-heading-title elementor-size-default\"><p>Optimisation de l'efficacit\u00e9 \u00e9nerg\u00e9tique<span style=\"color: var( --e-global-color-1ad9833 ); font-family: var( --e-global-typography-primary-font-family ), Sans-serif; font-size: var( --e-global-typography-primary-font-size ); font-weight: var( --e-global-typography-primary-font-weight );\"><\/span><\/p><\/h2>\t\t<\/div>\n\t\t\t\t<\/div>\n\t\t\t\t<div class=\"elementor-element elementor-element-f2c1b97 elementor-widget elementor-widget-text-editor\" data-id=\"f2c1b97\" data-element_type=\"widget\" data-widget_type=\"text-editor.default\">\n\t\t\t\t<div class=\"elementor-widget-container\">\n\t\t\t\t\t\t\t<p class=\"MsoNormal\">En combinant les donn\u00e9es fournies par les COP et les pinces amp\u00e8rem\u00e9triques, les gestionnaires des salles blanches de production de batteries peuvent mettre en \u0153uvre des strat\u00e9gies d&rsquo;optimisation de l&rsquo;efficacit\u00e9 \u00e9nerg\u00e9tique. Par exemple, en ajustant les param\u00e8tres de fonctionnement des syst\u00e8mes de ventilation et de filtration en fonction des donn\u00e9es en temps r\u00e9el des COP, il est possible de r\u00e9duire la consommation d&rsquo;\u00e9nergie tout en maintenant des niveaux de propret\u00e9 optimaux.<\/p>\t\t\t\t\t\t<\/div>\n\t\t\t\t<\/div>\n\t\t\t\t<div class=\"elementor-element elementor-element-11d4d02 elementor-widget elementor-widget-heading\" data-id=\"11d4d02\" data-element_type=\"widget\" data-widget_type=\"heading.default\">\n\t\t\t\t<div class=\"elementor-widget-container\">\n\t\t\t<h2 class=\"elementor-heading-title elementor-size-default\"><p class=\"MsoNormal\">Identification des zones \u00e0 risque<span style=\"color: var( --e-global-color-1ad9833 ); font-family: var( --e-global-typography-primary-font-family ), Sans-serif; font-size: var( --e-global-typography-primary-font-size ); font-weight: var( --e-global-typography-primary-font-weight );\"><\/span><\/p><\/h2>\t\t<\/div>\n\t\t\t\t<\/div>\n\t\t\t\t<div class=\"elementor-element elementor-element-0c35fde elementor-widget elementor-widget-text-editor\" data-id=\"0c35fde\" data-element_type=\"widget\" data-widget_type=\"text-editor.default\">\n\t\t\t\t<div class=\"elementor-widget-container\">\n\t\t\t\t\t\t\t<p class=\"MsoNormal\">La combinaison de la surveillance de la qualit\u00e9 de l&rsquo;air et de l&rsquo;analyse de la consommation d&rsquo;\u00e9nergie permet \u00e9galement d&rsquo;identifier les zones \u00e0 risque et les inefficacit\u00e9s potentielles dans les syst\u00e8mes de gestion de l&rsquo;air des salles blanches de production de batteries. Les donn\u00e9es recueillies permettent de d\u00e9tecter rapidement les sources de contamination, d&rsquo;anticiper les pannes des \u00e9quipements et de mettre en place des mesures correctives proactives.<\/p>\t\t\t\t\t\t<\/div>\n\t\t\t\t<\/div>\n\t\t\t\t<div class=\"elementor-element elementor-element-ea21e7d elementor-widget elementor-widget-heading\" data-id=\"ea21e7d\" data-element_type=\"widget\" data-widget_type=\"heading.default\">\n\t\t\t\t<div class=\"elementor-widget-container\">\n\t\t\t<h2 class=\"elementor-heading-title elementor-size-default\"><p>R\u00e9duction des co\u00fbts op\u00e9rationnels<span style=\"color: var( --e-global-color-1ad9833 ); font-family: var( --e-global-typography-primary-font-family ), Sans-serif; font-size: var( --e-global-typography-primary-font-size ); font-weight: var( --e-global-typography-primary-font-weight );\"><\/span><\/p><\/h2>\t\t<\/div>\n\t\t\t\t<\/div>\n\t\t\t\t<div class=\"elementor-element elementor-element-81310c7 elementor-widget elementor-widget-text-editor\" data-id=\"81310c7\" data-element_type=\"widget\" data-widget_type=\"text-editor.default\">\n\t\t\t\t<div class=\"elementor-widget-container\">\n\t\t\t\t\t\t\t<p class=\"MsoNormal\">En optimisant l&rsquo;efficacit\u00e9 \u00e9nerg\u00e9tique des syst\u00e8mes de ventilation et de filtration, l&rsquo;association des COP et des pinces amp\u00e8rem\u00e9triques permet de r\u00e9aliser des \u00e9conomies significatives sur les co\u00fbts op\u00e9rationnels des salles blanches de production de batteries. Une utilisation plus efficace de l&rsquo;\u00e9nergie se traduit par une r\u00e9duction des factures d&rsquo;\u00e9lectricit\u00e9 et une diminution de l&#8217;empreinte environnementale, contribuant ainsi \u00e0 la rentabilit\u00e9 globale des entreprises du secteur des batteries.<\/p>\t\t\t\t\t\t<\/div>\n\t\t\t\t<\/div>\n\t\t\t\t<div class=\"elementor-element elementor-element-ec546db elementor-widget elementor-widget-heading\" data-id=\"ec546db\" data-element_type=\"widget\" data-widget_type=\"heading.default\">\n\t\t\t\t<div class=\"elementor-widget-container\">\n\t\t\t<h2 class=\"elementor-heading-title elementor-size-default\"><p>Conclusion<span style=\"color: var( --e-global-color-1ad9833 ); font-family: var( --e-global-typography-primary-font-family ), Sans-serif; font-size: var( --e-global-typography-primary-font-size ); font-weight: var( --e-global-typography-primary-font-weight );\"><\/span><\/p><\/h2>\t\t<\/div>\n\t\t\t\t<\/div>\n\t\t\t\t<div class=\"elementor-element elementor-element-2031889 elementor-widget elementor-widget-text-editor\" data-id=\"2031889\" data-element_type=\"widget\" data-widget_type=\"text-editor.default\">\n\t\t\t\t<div class=\"elementor-widget-container\">\n\t\t\t\t\t\t\t<p class=\"MsoNormal\">L&rsquo;association des compteurs optique particulaire et des pinces amp\u00e8rem\u00e9triques repr\u00e9sente une approche novatrice pour garantir la qualit\u00e9 de l&rsquo;air dans les salles blanches du secteur des batteries tout en r\u00e9duisant les co\u00fbts \u00e9nerg\u00e9tiques. En combinant la surveillance pr\u00e9cise de la qualit\u00e9 de l&rsquo;air avec l&rsquo;analyse de la consommation d&rsquo;\u00e9nergie, cette approche permet aux entreprises de production de batteries de maintenir des environnements de travail st\u00e9riles et s\u00fbrs tout en r\u00e9alisant des \u00e9conomies significatives sur leurs co\u00fbts op\u00e9rationnels.<\/p>\t\t\t\t\t\t<\/div>\n\t\t\t\t<\/div>\n\t\t\t\t\t<\/div>\n\t\t<\/div>\n\t\t\t\t\t<\/div>\n\t\t<\/section>\n\t\t\t\t<\/div>","protected":false},"excerpt":{"rendered":"<p>Dans le secteur des batteries, o\u00f9 la production de cellules \u00e9lectrochimiques exige un environnement de travail propre et contr\u00f4l\u00e9, la qualit\u00e9 de l&rsquo;air dans les salles blanches rev\u00eat une importance capitale. Assurer un niveau \u00e9lev\u00e9 de propret\u00e9 tout en minimisant les co\u00fbts \u00e9nerg\u00e9tiques constitue un d\u00e9fi majeur pour les entreprises du secteur. L&rsquo;association des compteurs [&hellip;]<\/p>","protected":false},"author":11,"featured_media":4347,"comment_status":"open","ping_status":"open","sticky":false,"template":"","format":"standard","meta":{"footnotes":""},"categories":[17],"tags":[],"class_list":["post-4394","post","type-post","status-publish","format-standard","has-post-thumbnail","hentry","category-economie-denergie"],"acf":[],"yoast_head":"<!-- This site is optimized with the Yoast SEO plugin v27.5 - https:\/\/yoast.com\/product\/yoast-seo-wordpress\/ -->\n<title>Optimisation \u00e9nerg\u00e9tique avec le safyr OPC dans le secteur des batteries - Safyr OPC<\/title>\n<meta name=\"description\" content=\"Optimisation \u00e9nerg\u00e9tique avec le safyr OPC dans le secteur des batteries : dans le secteur des batteries, o\u00f9 la production de cellules ...\" \/>\n<meta name=\"robots\" content=\"index, follow, max-snippet:-1, max-image-preview:large, max-video-preview:-1\" \/>\n<link rel=\"canonical\" href=\"https:\/\/www.optical-particle-counter.com\/en\/2024\/05\/07\/optimisation-energetique-avec-le-safyr-opc-dans-le-secteur-des-batteries\/\" \/>\n<meta property=\"og:locale\" content=\"en_US\" \/>\n<meta property=\"og:type\" content=\"article\" \/>\n<meta property=\"og:title\" content=\"Optimisation \u00e9nerg\u00e9tique avec le safyr OPC dans le secteur des batteries\" \/>\n<meta property=\"og:description\" content=\"Optimisation \u00e9nerg\u00e9tique avec le safyr OPC dans le secteur des batteries : dans le secteur des batteries, o\u00f9 la production de cellules ...\" \/>\n<meta property=\"og:url\" content=\"https:\/\/www.optical-particle-counter.com\/en\/2024\/05\/07\/optimisation-energetique-avec-le-safyr-opc-dans-le-secteur-des-batteries\/\" \/>\n<meta property=\"og:site_name\" content=\"Safyr OPC\" \/>\n<meta property=\"article:published_time\" content=\"2024-05-07T13:07:21+00:00\" \/>\n<meta property=\"article:modified_time\" content=\"2024-06-20T13:01:02+00:00\" \/>\n<meta property=\"og:image\" content=\"https:\/\/www.optical-particle-counter.com\/wp-content\/uploads\/2024\/05\/Plan-de-travail-1-copie-2_15@2x-100-1.jpg\" \/>\n\t<meta property=\"og:image:width\" content=\"2401\" \/>\n\t<meta property=\"og:image:height\" content=\"2404\" \/>\n\t<meta property=\"og:image:type\" content=\"image\/jpeg\" \/>\n<meta name=\"author\" content=\"justine.dubois@hex-group.eu\" \/>\n<meta name=\"twitter:card\" content=\"summary_large_image\" \/>\n<meta name=\"twitter:title\" content=\"Optimisation \u00e9nerg\u00e9tique avec le safyr OPC dans le secteur des batteries\" \/>\n<meta name=\"twitter:description\" content=\"Optimisation \u00e9nerg\u00e9tique avec le safyr OPC dans le secteur des batteries : dans le secteur des batteries, o\u00f9 la production de cellules ...\" \/>\n<meta name=\"twitter:image\" content=\"https:\/\/www.optical-particle-counter.com\/wp-content\/uploads\/2024\/05\/Plan-de-travail-1-copie-2_15@2x-100-1.jpg\" \/>\n<meta name=\"twitter:label1\" content=\"Written by\" \/>\n\t<meta name=\"twitter:data1\" content=\"justine.dubois@hex-group.eu\" \/>\n\t<meta name=\"twitter:label2\" content=\"Est. reading time\" \/>\n\t<meta name=\"twitter:data2\" content=\"3 minutes\" \/>\n<script type=\"application\/ld+json\" class=\"yoast-schema-graph\">{\"@context\":\"https:\\\/\\\/schema.org\",\"@graph\":[{\"@type\":\"Article\",\"@id\":\"https:\\\/\\\/www.optical-particle-counter.com\\\/2024\\\/05\\\/07\\\/optimisation-energetique-avec-le-safyr-opc-dans-le-secteur-des-batteries\\\/#article\",\"isPartOf\":{\"@id\":\"https:\\\/\\\/www.optical-particle-counter.com\\\/2024\\\/05\\\/07\\\/optimisation-energetique-avec-le-safyr-opc-dans-le-secteur-des-batteries\\\/\"},\"author\":{\"name\":\"justine.dubois@hex-group.eu\",\"@id\":\"https:\\\/\\\/www.optical-particle-counter.com\\\/#\\\/schema\\\/person\\\/8121505ee3243e95a9ff32c4fb2787d1\"},\"headline\":\"Optimisation \u00e9nerg\u00e9tique avec le safyr OPC dans le secteur des batteries\",\"datePublished\":\"2024-05-07T13:07:21+00:00\",\"dateModified\":\"2024-06-20T13:01:02+00:00\",\"mainEntityOfPage\":{\"@id\":\"https:\\\/\\\/www.optical-particle-counter.com\\\/2024\\\/05\\\/07\\\/optimisation-energetique-avec-le-safyr-opc-dans-le-secteur-des-batteries\\\/\"},\"wordCount\":620,\"commentCount\":0,\"publisher\":{\"@id\":\"https:\\\/\\\/www.optical-particle-counter.com\\\/#organization\"},\"image\":{\"@id\":\"https:\\\/\\\/www.optical-particle-counter.com\\\/2024\\\/05\\\/07\\\/optimisation-energetique-avec-le-safyr-opc-dans-le-secteur-des-batteries\\\/#primaryimage\"},\"thumbnailUrl\":\"https:\\\/\\\/www.optical-particle-counter.com\\\/wp-content\\\/uploads\\\/2024\\\/05\\\/batterie.png\",\"articleSection\":[\"Economie d'\u00e9nergie\"],\"inLanguage\":\"en-US\",\"potentialAction\":[{\"@type\":\"CommentAction\",\"name\":\"Comment\",\"target\":[\"https:\\\/\\\/www.optical-particle-counter.com\\\/2024\\\/05\\\/07\\\/optimisation-energetique-avec-le-safyr-opc-dans-le-secteur-des-batteries\\\/#respond\"]}]},{\"@type\":\"WebPage\",\"@id\":\"https:\\\/\\\/www.optical-particle-counter.com\\\/2024\\\/05\\\/07\\\/optimisation-energetique-avec-le-safyr-opc-dans-le-secteur-des-batteries\\\/\",\"url\":\"https:\\\/\\\/www.optical-particle-counter.com\\\/2024\\\/05\\\/07\\\/optimisation-energetique-avec-le-safyr-opc-dans-le-secteur-des-batteries\\\/\",\"name\":\"Optimisation \u00e9nerg\u00e9tique avec le safyr OPC dans le secteur des batteries - Safyr OPC\",\"isPartOf\":{\"@id\":\"https:\\\/\\\/www.optical-particle-counter.com\\\/#website\"},\"primaryImageOfPage\":{\"@id\":\"https:\\\/\\\/www.optical-particle-counter.com\\\/2024\\\/05\\\/07\\\/optimisation-energetique-avec-le-safyr-opc-dans-le-secteur-des-batteries\\\/#primaryimage\"},\"image\":{\"@id\":\"https:\\\/\\\/www.optical-particle-counter.com\\\/2024\\\/05\\\/07\\\/optimisation-energetique-avec-le-safyr-opc-dans-le-secteur-des-batteries\\\/#primaryimage\"},\"thumbnailUrl\":\"https:\\\/\\\/www.optical-particle-counter.com\\\/wp-content\\\/uploads\\\/2024\\\/05\\\/batterie.png\",\"datePublished\":\"2024-05-07T13:07:21+00:00\",\"dateModified\":\"2024-06-20T13:01:02+00:00\",\"description\":\"Optimisation \u00e9nerg\u00e9tique avec le safyr OPC dans le secteur des batteries : dans le secteur des batteries, o\u00f9 la production de cellules ...\",\"breadcrumb\":{\"@id\":\"https:\\\/\\\/www.optical-particle-counter.com\\\/2024\\\/05\\\/07\\\/optimisation-energetique-avec-le-safyr-opc-dans-le-secteur-des-batteries\\\/#breadcrumb\"},\"inLanguage\":\"en-US\",\"potentialAction\":[{\"@type\":\"ReadAction\",\"target\":[\"https:\\\/\\\/www.optical-particle-counter.com\\\/2024\\\/05\\\/07\\\/optimisation-energetique-avec-le-safyr-opc-dans-le-secteur-des-batteries\\\/\"]}]},{\"@type\":\"ImageObject\",\"inLanguage\":\"en-US\",\"@id\":\"https:\\\/\\\/www.optical-particle-counter.com\\\/2024\\\/05\\\/07\\\/optimisation-energetique-avec-le-safyr-opc-dans-le-secteur-des-batteries\\\/#primaryimage\",\"url\":\"https:\\\/\\\/www.optical-particle-counter.com\\\/wp-content\\\/uploads\\\/2024\\\/05\\\/batterie.png\",\"contentUrl\":\"https:\\\/\\\/www.optical-particle-counter.com\\\/wp-content\\\/uploads\\\/2024\\\/05\\\/batterie.png\",\"width\":1024,\"height\":683},{\"@type\":\"BreadcrumbList\",\"@id\":\"https:\\\/\\\/www.optical-particle-counter.com\\\/2024\\\/05\\\/07\\\/optimisation-energetique-avec-le-safyr-opc-dans-le-secteur-des-batteries\\\/#breadcrumb\",\"itemListElement\":[{\"@type\":\"ListItem\",\"position\":1,\"name\":\"Accueil\",\"item\":\"https:\\\/\\\/www.optical-particle-counter.com\\\/\"},{\"@type\":\"ListItem\",\"position\":2,\"name\":\"Optimisation \u00e9nerg\u00e9tique avec le safyr OPC dans le secteur des batteries\"}]},{\"@type\":\"WebSite\",\"@id\":\"https:\\\/\\\/www.optical-particle-counter.com\\\/#website\",\"url\":\"https:\\\/\\\/www.optical-particle-counter.com\\\/\",\"name\":\"Safyr OPC\",\"description\":\"Optical Particle Counter\",\"publisher\":{\"@id\":\"https:\\\/\\\/www.optical-particle-counter.com\\\/#organization\"},\"potentialAction\":[{\"@type\":\"SearchAction\",\"target\":{\"@type\":\"EntryPoint\",\"urlTemplate\":\"https:\\\/\\\/www.optical-particle-counter.com\\\/?s={search_term_string}\"},\"query-input\":{\"@type\":\"PropertyValueSpecification\",\"valueRequired\":true,\"valueName\":\"search_term_string\"}}],\"inLanguage\":\"en-US\"},{\"@type\":\"Organization\",\"@id\":\"https:\\\/\\\/www.optical-particle-counter.com\\\/#organization\",\"name\":\"Safyr OPC\",\"url\":\"https:\\\/\\\/www.optical-particle-counter.com\\\/\",\"logo\":{\"@type\":\"ImageObject\",\"inLanguage\":\"en-US\",\"@id\":\"https:\\\/\\\/www.optical-particle-counter.com\\\/#\\\/schema\\\/logo\\\/image\\\/\",\"url\":\"https:\\\/\\\/www.optical-particle-counter.com\\\/wp-content\\\/uploads\\\/2022\\\/01\\\/Logo-Safyr-OPC.svg\",\"contentUrl\":\"https:\\\/\\\/www.optical-particle-counter.com\\\/wp-content\\\/uploads\\\/2022\\\/01\\\/Logo-Safyr-OPC.svg\",\"width\":176,\"height\":33,\"caption\":\"Safyr OPC\"},\"image\":{\"@id\":\"https:\\\/\\\/www.optical-particle-counter.com\\\/#\\\/schema\\\/logo\\\/image\\\/\"}},{\"@type\":\"Person\",\"@id\":\"https:\\\/\\\/www.optical-particle-counter.com\\\/#\\\/schema\\\/person\\\/8121505ee3243e95a9ff32c4fb2787d1\",\"name\":\"justine.dubois@hex-group.eu\",\"image\":{\"@type\":\"ImageObject\",\"inLanguage\":\"en-US\",\"@id\":\"https:\\\/\\\/secure.gravatar.com\\\/avatar\\\/a3e8357c2801d913e5a555e0524180e15983979de06c92d4cadb7ec607f6420e?s=96&d=mm&r=g\",\"url\":\"https:\\\/\\\/secure.gravatar.com\\\/avatar\\\/a3e8357c2801d913e5a555e0524180e15983979de06c92d4cadb7ec607f6420e?s=96&d=mm&r=g\",\"contentUrl\":\"https:\\\/\\\/secure.gravatar.com\\\/avatar\\\/a3e8357c2801d913e5a555e0524180e15983979de06c92d4cadb7ec607f6420e?s=96&d=mm&r=g\",\"caption\":\"justine.dubois@hex-group.eu\"},\"url\":\"https:\\\/\\\/www.optical-particle-counter.com\\\/en\\\/author\\\/justine-duboishex-group-eu\\\/\"}]}<\/script>\n<!-- \/ Yoast SEO plugin. -->","yoast_head_json":{"title":"Optimisation \u00e9nerg\u00e9tique avec le safyr OPC dans le secteur des batteries - Safyr OPC","description":"Optimisation \u00e9nerg\u00e9tique avec le safyr OPC dans le secteur des batteries : dans le secteur des batteries, o\u00f9 la production de cellules ...","robots":{"index":"index","follow":"follow","max-snippet":"max-snippet:-1","max-image-preview":"max-image-preview:large","max-video-preview":"max-video-preview:-1"},"canonical":"https:\/\/www.optical-particle-counter.com\/en\/2024\/05\/07\/optimisation-energetique-avec-le-safyr-opc-dans-le-secteur-des-batteries\/","og_locale":"en_US","og_type":"article","og_title":"Optimisation \u00e9nerg\u00e9tique avec le safyr OPC dans le secteur des batteries","og_description":"Optimisation \u00e9nerg\u00e9tique avec le safyr OPC dans le secteur des batteries : dans le secteur des batteries, o\u00f9 la production de cellules ...","og_url":"https:\/\/www.optical-particle-counter.com\/en\/2024\/05\/07\/optimisation-energetique-avec-le-safyr-opc-dans-le-secteur-des-batteries\/","og_site_name":"Safyr OPC","article_published_time":"2024-05-07T13:07:21+00:00","article_modified_time":"2024-06-20T13:01:02+00:00","og_image":[{"width":2401,"height":2404,"url":"https:\/\/www.optical-particle-counter.com\/wp-content\/uploads\/2024\/05\/Plan-de-travail-1-copie-2_15@2x-100-1.jpg","type":"image\/jpeg"}],"author":"justine.dubois@hex-group.eu","twitter_card":"summary_large_image","twitter_title":"Optimisation \u00e9nerg\u00e9tique avec le safyr OPC dans le secteur des batteries","twitter_description":"Optimisation \u00e9nerg\u00e9tique avec le safyr OPC dans le secteur des batteries : dans le secteur des batteries, o\u00f9 la production de cellules ...","twitter_image":"https:\/\/www.optical-particle-counter.com\/wp-content\/uploads\/2024\/05\/Plan-de-travail-1-copie-2_15@2x-100-1.jpg","twitter_misc":{"Written by":"justine.dubois@hex-group.eu","Est. reading time":"3 minutes"},"schema":{"@context":"https:\/\/schema.org","@graph":[{"@type":"Article","@id":"https:\/\/www.optical-particle-counter.com\/2024\/05\/07\/optimisation-energetique-avec-le-safyr-opc-dans-le-secteur-des-batteries\/#article","isPartOf":{"@id":"https:\/\/www.optical-particle-counter.com\/2024\/05\/07\/optimisation-energetique-avec-le-safyr-opc-dans-le-secteur-des-batteries\/"},"author":{"name":"justine.dubois@hex-group.eu","@id":"https:\/\/www.optical-particle-counter.com\/#\/schema\/person\/8121505ee3243e95a9ff32c4fb2787d1"},"headline":"Optimisation \u00e9nerg\u00e9tique avec le safyr OPC dans le secteur des batteries","datePublished":"2024-05-07T13:07:21+00:00","dateModified":"2024-06-20T13:01:02+00:00","mainEntityOfPage":{"@id":"https:\/\/www.optical-particle-counter.com\/2024\/05\/07\/optimisation-energetique-avec-le-safyr-opc-dans-le-secteur-des-batteries\/"},"wordCount":620,"commentCount":0,"publisher":{"@id":"https:\/\/www.optical-particle-counter.com\/#organization"},"image":{"@id":"https:\/\/www.optical-particle-counter.com\/2024\/05\/07\/optimisation-energetique-avec-le-safyr-opc-dans-le-secteur-des-batteries\/#primaryimage"},"thumbnailUrl":"https:\/\/www.optical-particle-counter.com\/wp-content\/uploads\/2024\/05\/batterie.png","articleSection":["Economie d'\u00e9nergie"],"inLanguage":"en-US","potentialAction":[{"@type":"CommentAction","name":"Comment","target":["https:\/\/www.optical-particle-counter.com\/2024\/05\/07\/optimisation-energetique-avec-le-safyr-opc-dans-le-secteur-des-batteries\/#respond"]}]},{"@type":"WebPage","@id":"https:\/\/www.optical-particle-counter.com\/2024\/05\/07\/optimisation-energetique-avec-le-safyr-opc-dans-le-secteur-des-batteries\/","url":"https:\/\/www.optical-particle-counter.com\/2024\/05\/07\/optimisation-energetique-avec-le-safyr-opc-dans-le-secteur-des-batteries\/","name":"Optimisation \u00e9nerg\u00e9tique avec le safyr OPC dans le secteur des batteries - Safyr OPC","isPartOf":{"@id":"https:\/\/www.optical-particle-counter.com\/#website"},"primaryImageOfPage":{"@id":"https:\/\/www.optical-particle-counter.com\/2024\/05\/07\/optimisation-energetique-avec-le-safyr-opc-dans-le-secteur-des-batteries\/#primaryimage"},"image":{"@id":"https:\/\/www.optical-particle-counter.com\/2024\/05\/07\/optimisation-energetique-avec-le-safyr-opc-dans-le-secteur-des-batteries\/#primaryimage"},"thumbnailUrl":"https:\/\/www.optical-particle-counter.com\/wp-content\/uploads\/2024\/05\/batterie.png","datePublished":"2024-05-07T13:07:21+00:00","dateModified":"2024-06-20T13:01:02+00:00","description":"Optimisation \u00e9nerg\u00e9tique avec le safyr OPC dans le secteur des batteries : dans le secteur des batteries, o\u00f9 la production de cellules ...","breadcrumb":{"@id":"https:\/\/www.optical-particle-counter.com\/2024\/05\/07\/optimisation-energetique-avec-le-safyr-opc-dans-le-secteur-des-batteries\/#breadcrumb"},"inLanguage":"en-US","potentialAction":[{"@type":"ReadAction","target":["https:\/\/www.optical-particle-counter.com\/2024\/05\/07\/optimisation-energetique-avec-le-safyr-opc-dans-le-secteur-des-batteries\/"]}]},{"@type":"ImageObject","inLanguage":"en-US","@id":"https:\/\/www.optical-particle-counter.com\/2024\/05\/07\/optimisation-energetique-avec-le-safyr-opc-dans-le-secteur-des-batteries\/#primaryimage","url":"https:\/\/www.optical-particle-counter.com\/wp-content\/uploads\/2024\/05\/batterie.png","contentUrl":"https:\/\/www.optical-particle-counter.com\/wp-content\/uploads\/2024\/05\/batterie.png","width":1024,"height":683},{"@type":"BreadcrumbList","@id":"https:\/\/www.optical-particle-counter.com\/2024\/05\/07\/optimisation-energetique-avec-le-safyr-opc-dans-le-secteur-des-batteries\/#breadcrumb","itemListElement":[{"@type":"ListItem","position":1,"name":"Accueil","item":"https:\/\/www.optical-particle-counter.com\/"},{"@type":"ListItem","position":2,"name":"Optimisation \u00e9nerg\u00e9tique avec le safyr OPC dans le secteur des batteries"}]},{"@type":"WebSite","@id":"https:\/\/www.optical-particle-counter.com\/#website","url":"https:\/\/www.optical-particle-counter.com\/","name":"Safyr OPC","description":"Optical Particle Counter","publisher":{"@id":"https:\/\/www.optical-particle-counter.com\/#organization"},"potentialAction":[{"@type":"SearchAction","target":{"@type":"EntryPoint","urlTemplate":"https:\/\/www.optical-particle-counter.com\/?s={search_term_string}"},"query-input":{"@type":"PropertyValueSpecification","valueRequired":true,"valueName":"search_term_string"}}],"inLanguage":"en-US"},{"@type":"Organization","@id":"https:\/\/www.optical-particle-counter.com\/#organization","name":"Safyr OPC","url":"https:\/\/www.optical-particle-counter.com\/","logo":{"@type":"ImageObject","inLanguage":"en-US","@id":"https:\/\/www.optical-particle-counter.com\/#\/schema\/logo\/image\/","url":"https:\/\/www.optical-particle-counter.com\/wp-content\/uploads\/2022\/01\/Logo-Safyr-OPC.svg","contentUrl":"https:\/\/www.optical-particle-counter.com\/wp-content\/uploads\/2022\/01\/Logo-Safyr-OPC.svg","width":176,"height":33,"caption":"Safyr OPC"},"image":{"@id":"https:\/\/www.optical-particle-counter.com\/#\/schema\/logo\/image\/"}},{"@type":"Person","@id":"https:\/\/www.optical-particle-counter.com\/#\/schema\/person\/8121505ee3243e95a9ff32c4fb2787d1","name":"justine.dubois@hex-group.eu","image":{"@type":"ImageObject","inLanguage":"en-US","@id":"https:\/\/secure.gravatar.com\/avatar\/a3e8357c2801d913e5a555e0524180e15983979de06c92d4cadb7ec607f6420e?s=96&d=mm&r=g","url":"https:\/\/secure.gravatar.com\/avatar\/a3e8357c2801d913e5a555e0524180e15983979de06c92d4cadb7ec607f6420e?s=96&d=mm&r=g","contentUrl":"https:\/\/secure.gravatar.com\/avatar\/a3e8357c2801d913e5a555e0524180e15983979de06c92d4cadb7ec607f6420e?s=96&d=mm&r=g","caption":"justine.dubois@hex-group.eu"},"url":"https:\/\/www.optical-particle-counter.com\/en\/author\/justine-duboishex-group-eu\/"}]}},"_links":{"self":[{"href":"https:\/\/www.optical-particle-counter.com\/en\/wp-json\/wp\/v2\/posts\/4394","targetHints":{"allow":["GET"]}}],"collection":[{"href":"https:\/\/www.optical-particle-counter.com\/en\/wp-json\/wp\/v2\/posts"}],"about":[{"href":"https:\/\/www.optical-particle-counter.com\/en\/wp-json\/wp\/v2\/types\/post"}],"author":[{"embeddable":true,"href":"https:\/\/www.optical-particle-counter.com\/en\/wp-json\/wp\/v2\/users\/11"}],"replies":[{"embeddable":true,"href":"https:\/\/www.optical-particle-counter.com\/en\/wp-json\/wp\/v2\/comments?post=4394"}],"version-history":[{"count":10,"href":"https:\/\/www.optical-particle-counter.com\/en\/wp-json\/wp\/v2\/posts\/4394\/revisions"}],"predecessor-version":[{"id":4594,"href":"https:\/\/www.optical-particle-counter.com\/en\/wp-json\/wp\/v2\/posts\/4394\/revisions\/4594"}],"wp:featuredmedia":[{"embeddable":true,"href":"https:\/\/www.optical-particle-counter.com\/en\/wp-json\/wp\/v2\/media\/4347"}],"wp:attachment":[{"href":"https:\/\/www.optical-particle-counter.com\/en\/wp-json\/wp\/v2\/media?parent=4394"}],"wp:term":[{"taxonomy":"category","embeddable":true,"href":"https:\/\/www.optical-particle-counter.com\/en\/wp-json\/wp\/v2\/categories?post=4394"},{"taxonomy":"post_tag","embeddable":true,"href":"https:\/\/www.optical-particle-counter.com\/en\/wp-json\/wp\/v2\/tags?post=4394"}],"curies":[{"name":"wp","href":"https:\/\/api.w.org\/{rel}","templated":true}]}}