{"id":4167,"date":"2024-04-15T16:05:23","date_gmt":"2024-04-15T14:05:23","guid":{"rendered":"https:\/\/www.optical-particle-counter.com\/?p=4167"},"modified":"2024-06-20T15:19:35","modified_gmt":"2024-06-20T13:19:35","slug":"optimisation-energetique-grace-au-safyr-opc-en-aerospatial","status":"publish","type":"post","link":"https:\/\/www.optical-particle-counter.com\/en\/2024\/04\/15\/optimisation-energetique-grace-au-safyr-opc-en-aerospatial\/","title":{"rendered":"Optimisation \u00e9nerg\u00e9tique avec le safyr OPC en a\u00e9rospatial"},"content":{"rendered":"<div data-elementor-type=\"wp-post\" data-elementor-id=\"4167\" class=\"elementor elementor-4167\" data-elementor-post-type=\"post\">\n\t\t\t\t\t\t<section class=\"elementor-section elementor-top-section elementor-element elementor-element-c4f5801 elementor-section-boxed elementor-section-height-default elementor-section-height-default\" data-id=\"c4f5801\" data-element_type=\"section\">\n\t\t\t\t\t\t<div class=\"elementor-container elementor-column-gap-default\">\n\t\t\t\t\t<div class=\"elementor-column elementor-col-100 elementor-top-column elementor-element elementor-element-515460c\" data-id=\"515460c\" data-element_type=\"column\">\n\t\t\t<div class=\"elementor-widget-wrap elementor-element-populated\">\n\t\t\t\t\t\t<div class=\"elementor-element elementor-element-94b6a35 elementor-widget elementor-widget-text-editor\" data-id=\"94b6a35\" data-element_type=\"widget\" data-widget_type=\"text-editor.default\">\n\t\t\t\t<div class=\"elementor-widget-container\">\n\t\t\t<style>\/*! elementor - v3.22.0 - 24-06-2024 *\/\n.elementor-widget-text-editor.elementor-drop-cap-view-stacked .elementor-drop-cap{background-color:#69727d;color:#fff}.elementor-widget-text-editor.elementor-drop-cap-view-framed .elementor-drop-cap{color:#69727d;border:3px solid;background-color:transparent}.elementor-widget-text-editor:not(.elementor-drop-cap-view-default) .elementor-drop-cap{margin-top:8px}.elementor-widget-text-editor:not(.elementor-drop-cap-view-default) .elementor-drop-cap-letter{width:1em;height:1em}.elementor-widget-text-editor .elementor-drop-cap{float:left;text-align:center;line-height:1;font-size:50px}.elementor-widget-text-editor .elementor-drop-cap-letter{display:inline-block}<\/style>\t\t\t\t<p>Dans le secteur de <b>l&rsquo;a\u00e9rospatiale<\/b>, o\u00f9 la pr\u00e9cision et la propret\u00e9 sont essentielles, la <b>qualit\u00e9 de l&rsquo;air<\/b> dans les salles blanches rev\u00eat une importance capitale. Toutefois, maintenir un environnement de travail conforme aux normes les plus strictes tout en minimisant les co\u00fbts \u00e9nerg\u00e9tiques constitue un d\u00e9fi de taille. <b>L&rsquo;association des compteurs optique particulaire (COP) et des pinces amp\u00e8rem\u00e9triques<\/b> offre une solution innovante pour r\u00e9pondre \u00e0 ces exigences, en assurant une qualit\u00e9 d&rsquo;air optimale tout en r\u00e9duisant la consommation d&rsquo;\u00e9nergie.<\/p>\t\t\t\t\t\t<\/div>\n\t\t\t\t<\/div>\n\t\t\t\t<div class=\"elementor-element elementor-element-76b8e86 elementor-widget elementor-widget-heading\" data-id=\"76b8e86\" data-element_type=\"widget\" data-widget_type=\"heading.default\">\n\t\t\t\t<div class=\"elementor-widget-container\">\n\t\t\t<style>\/*! elementor - v3.22.0 - 24-06-2024 *\/\n.elementor-heading-title{padding:0;margin:0;line-height:1}.elementor-widget-heading .elementor-heading-title[class*=elementor-size-]>a{color:inherit;font-size:inherit;line-height:inherit}.elementor-widget-heading .elementor-heading-title.elementor-size-small{font-size:15px}.elementor-widget-heading .elementor-heading-title.elementor-size-medium{font-size:19px}.elementor-widget-heading .elementor-heading-title.elementor-size-large{font-size:29px}.elementor-widget-heading .elementor-heading-title.elementor-size-xl{font-size:39px}.elementor-widget-heading .elementor-heading-title.elementor-size-xxl{font-size:59px}<\/style><h2 class=\"elementor-heading-title elementor-size-default\">Surveillance pr\u00e9cise de la qualit\u00e9 de l'air<\/h2>\t\t<\/div>\n\t\t\t\t<\/div>\n\t\t\t\t<div class=\"elementor-element elementor-element-61c9ccb elementor-widget elementor-widget-text-editor\" data-id=\"61c9ccb\" data-element_type=\"widget\" data-widget_type=\"text-editor.default\">\n\t\t\t\t<div class=\"elementor-widget-container\">\n\t\t\t\t\t\t\t<p><span style=\"color: #0b094a;\"><span style=\"font-size: 16px;\">Les COP jouent un r\u00f4le crucial dans la <b>surveillance de la qualit\u00e9 de l&rsquo;air des salles blanches<\/b>. Ces dispositifs sophistiqu\u00e9s mesurent en temps r\u00e9el la concentration de <b>particules en suspension dans l&rsquo;air<\/b>, permettant ainsi une \u00e9valuation pr\u00e9cise de la propret\u00e9 de l&rsquo;environnement. En d\u00e9tectant les fluctuations de la qualit\u00e9 de l&rsquo;air, les COP permettent une intervention rapide en cas de d\u00e9rive, garantissant ainsi le respect des normes de propret\u00e9 les plus strictes.<\/span><\/span><\/p>\t\t\t\t\t\t<\/div>\n\t\t\t\t<\/div>\n\t\t\t\t<div class=\"elementor-element elementor-element-2bdc530 elementor-widget elementor-widget-heading\" data-id=\"2bdc530\" data-element_type=\"widget\" data-widget_type=\"heading.default\">\n\t\t\t\t<div class=\"elementor-widget-container\">\n\t\t\t<h2 class=\"elementor-heading-title elementor-size-default\">Analyse de la consommation d'\u00e9nergie<\/h2>\t\t<\/div>\n\t\t\t\t<\/div>\n\t\t\t\t<div class=\"elementor-element elementor-element-98c8d9d elementor-widget elementor-widget-text-editor\" data-id=\"98c8d9d\" data-element_type=\"widget\" data-widget_type=\"text-editor.default\">\n\t\t\t\t<div class=\"elementor-widget-container\">\n\t\t\t\t\t\t\t<p><span style=\"color: #0b094a;\"><span style=\"font-size: 16px;\">D&rsquo;autre part, les <b>pinces amp\u00e8rem\u00e9triques<\/b> sont des outils de mesure utilis\u00e9s pour \u00e9valuer la consommation \u00e9lectrique des \u00e9quipements et des syst\u00e8mes. En surveillant de pr\u00e8s la <b>consommation d&rsquo;\u00e9nergie<\/b> des \u00e9quipements de ventilation, de filtration et de climatisation des salles blanches, les pinces amp\u00e8rem\u00e9triques fournissent des donn\u00e9es pr\u00e9cieuses sur les performances \u00e9nerg\u00e9tiques de ces syst\u00e8mes.<\/span><\/span><\/p>\t\t\t\t\t\t<\/div>\n\t\t\t\t<\/div>\n\t\t\t\t<div class=\"elementor-element elementor-element-1984fd5 elementor-widget__width-initial elementor-widget elementor-widget-heading\" data-id=\"1984fd5\" data-element_type=\"widget\" data-widget_type=\"heading.default\">\n\t\t\t\t<div class=\"elementor-widget-container\">\n\t\t\t<h2 class=\"elementor-heading-title elementor-size-default\">Optimisation de l'efficacit\u00e9 \u00e9nerg\u00e9tique<br><br><\/h2>\t\t<\/div>\n\t\t\t\t<\/div>\n\t\t\t\t<div class=\"elementor-element elementor-element-1ea019f elementor-widget elementor-widget-text-editor\" data-id=\"1ea019f\" data-element_type=\"widget\" data-widget_type=\"text-editor.default\">\n\t\t\t\t<div class=\"elementor-widget-container\">\n\t\t\t\t\t\t\t<p><span style=\"color: #0b094a;\"><span style=\"font-size: 16px;\">En associant les donn\u00e9es fournies par les COP et les pinces amp\u00e8rem\u00e9triques, les gestionnaires des salles blanches peuvent mettre en \u0153uvre des strat\u00e9gies d&rsquo;optimisation de l&rsquo;efficacit\u00e9 \u00e9nerg\u00e9tique. Par exemple, en ajustant les param\u00e8tres de fonctionnement des syst\u00e8mes de ventilation et de filtration en fonction des donn\u00e9es en temps r\u00e9el des COP, il est possible de r\u00e9duire la consommation d&rsquo;\u00e9nergie tout en maintenant des niveaux de propret\u00e9 ad\u00e9quats.<\/span><\/span><\/p>\t\t\t\t\t\t<\/div>\n\t\t\t\t<\/div>\n\t\t\t\t<div class=\"elementor-element elementor-element-76140c3 elementor-widget elementor-widget-heading\" data-id=\"76140c3\" data-element_type=\"widget\" data-widget_type=\"heading.default\">\n\t\t\t\t<div class=\"elementor-widget-container\">\n\t\t\t<h2 class=\"elementor-heading-title elementor-size-default\">Identification des zones \u00e0 risque<\/h2>\t\t<\/div>\n\t\t\t\t<\/div>\n\t\t\t\t<div class=\"elementor-element elementor-element-1b38a5e elementor-widget elementor-widget-text-editor\" data-id=\"1b38a5e\" data-element_type=\"widget\" data-widget_type=\"text-editor.default\">\n\t\t\t\t<div class=\"elementor-widget-container\">\n\t\t\t\t\t\t\t<p><span style=\"color: #0b094a;\"><span style=\"font-size: 16px;\">Gr\u00e2ce \u00e0 une surveillance continue de la qualit\u00e9 de l&rsquo;air et de la consommation d&rsquo;\u00e9nergie, il devient \u00e9galement possible d&rsquo;identifier les zones \u00e0 risque et les inefficacit\u00e9s potentielles dans les syst\u00e8mes de gestion de l&rsquo;air des <b>salles blanches<\/b>. Les donn\u00e9es recueillies permettent de d\u00e9tecter les sources de contamination, d&rsquo;anticiper les pannes des \u00e9quipements et de mettre en place des mesures correctives proactives.<\/span><\/span><\/p>\t\t\t\t\t\t<\/div>\n\t\t\t\t<\/div>\n\t\t\t\t<div class=\"elementor-element elementor-element-a6bbb59 elementor-widget elementor-widget-heading\" data-id=\"a6bbb59\" data-element_type=\"widget\" data-widget_type=\"heading.default\">\n\t\t\t\t<div class=\"elementor-widget-container\">\n\t\t\t<h2 class=\"elementor-heading-title elementor-size-default\">R\u00e9duction des co\u00fbts op\u00e9rationnels<\/h2>\t\t<\/div>\n\t\t\t\t<\/div>\n\t\t\t\t<div class=\"elementor-element elementor-element-ddc0912 elementor-widget elementor-widget-text-editor\" data-id=\"ddc0912\" data-element_type=\"widget\" data-widget_type=\"text-editor.default\">\n\t\t\t\t<div class=\"elementor-widget-container\">\n\t\t\t\t\t\t\t<p class=\"MsoNormal\">En optimisant l&rsquo;efficacit\u00e9 \u00e9nerg\u00e9tique des syst\u00e8mes de ventilation et de filtration, l&rsquo;association des COP et des pinces amp\u00e8rem\u00e9triques permet de r\u00e9aliser des <b>\u00e9conomies significatives<\/b> sur les co\u00fbts op\u00e9rationnels. Une utilisation plus efficace de l&rsquo;\u00e9nergie se traduit par une r\u00e9duction des factures d&rsquo;\u00e9lectricit\u00e9 et une diminution de l&#8217;empreinte environnementale, contribuant ainsi \u00e0 la rentabilit\u00e9 globale des installations de fabrication a\u00e9rospatiale.<\/p><p class=\"MsoNormal\">\u00a0<\/p>\t\t\t\t\t\t<\/div>\n\t\t\t\t<\/div>\n\t\t\t\t<div class=\"elementor-element elementor-element-916ee44 elementor-widget elementor-widget-heading\" data-id=\"916ee44\" data-element_type=\"widget\" data-widget_type=\"heading.default\">\n\t\t\t\t<div class=\"elementor-widget-container\">\n\t\t\t<h2 class=\"elementor-heading-title elementor-size-default\">Conclusion<\/h2>\t\t<\/div>\n\t\t\t\t<\/div>\n\t\t\t\t<div class=\"elementor-element elementor-element-5eb8a44 elementor-widget elementor-widget-text-editor\" data-id=\"5eb8a44\" data-element_type=\"widget\" data-widget_type=\"text-editor.default\">\n\t\t\t\t<div class=\"elementor-widget-container\">\n\t\t\t\t\t\t\t<p class=\"MsoNormal\">L&rsquo;association des <b>compteurs optique particulaire et des pinces amp\u00e8rem\u00e9triques <\/b>repr\u00e9sente une approche innovante pour assurer la qualit\u00e9 de l&rsquo;air dans les salles blanches de l&rsquo;a\u00e9rospatiale tout en garantissant une diminution des co\u00fbts \u00e9nerg\u00e9tiques. En combinant la surveillance pr\u00e9cise de la qualit\u00e9 de l&rsquo;air avec l&rsquo;analyse de la consommation d&rsquo;\u00e9nergie, cette approche permet aux entreprises du secteur de l&rsquo;a\u00e9rospatiale de maintenir des environnements de travail conformes aux normes les plus \u00e9lev\u00e9es tout en r\u00e9alisant des \u00e9conomies significatives sur leurs co\u00fbts op\u00e9rationnels.<\/p><p class=\"MsoNormal\">\u00a0<\/p>\t\t\t\t\t\t<\/div>\n\t\t\t\t<\/div>\n\t\t\t\t\t<\/div>\n\t\t<\/div>\n\t\t\t\t\t<\/div>\n\t\t<\/section>\n\t\t\t\t<section class=\"elementor-section elementor-top-section elementor-element elementor-element-fe656a5 elementor-section-boxed elementor-section-height-default elementor-section-height-default\" data-id=\"fe656a5\" data-element_type=\"section\">\n\t\t\t\t\t\t<div class=\"elementor-container elementor-column-gap-default\">\n\t\t\t\t\t<div class=\"elementor-column elementor-col-100 elementor-top-column elementor-element elementor-element-a962982\" data-id=\"a962982\" data-element_type=\"column\">\n\t\t\t<div class=\"elementor-widget-wrap elementor-element-populated\">\n\t\t\t\t\t\t<div class=\"elementor-element elementor-element-f055816 elementor-widget elementor-widget-html\" data-id=\"f055816\" data-element_type=\"widget\" data-widget_type=\"html.default\">\n\t\t\t\t<div class=\"elementor-widget-container\">\n\t\t\t<div class=\"hs-cta-embed hs-cta-simple-placeholder hs-cta-embed-101539365575\"\r\n  style=\"max-width:100%; max-height:100%; width:210px;height:42.390625px\" data-hubspot-wrapper-cta-id=\"101539365575\">\r\n  <a href=\"https:\/\/cta-eu1.hubspot.com\/web-interactives\/public\/v1\/track\/redirect?encryptedPayload=AVxigLKEwc3DqpARkCDRlVRE3mtgmUp0JOjB%2FXnx4nYnBWpuosJcu04LNSHBUKZPSI1UPPJQZzUEO2etJ0cTi7lHulUeWo9aRtSyov9fa66wT4iAmDU4QVugekcuSfg5T2lRaaq5M4mSJFIbZ4%2FNA6PC0ufwQ74yAWuDHh8PxBE45QmgCl3P9MXMVYH8oufWTdBVu04CDyJQb1LGbimRuoj7&webInteractiveContentId=101539365575&portalId=144332482\" target=\"_blank\" rel=\"noopener\" crossorigin=\"anonymous\">\r\n    <img decoding=\"async\" alt=\"Demander un devis\" loading=\"lazy\" src=\"https:\/\/hubspot-no-cache-eu1-prod.s3.amazonaws.com\/cta\/default\/144332482\/interactive-101539365575.png\" style=\"height: 100%; width: 100%; object-fit: fill\"\r\n      onerror=\"this.style.display='none'\" \/>\r\n  <\/a>\r\n<\/div>\r\n\t\t<\/div>\n\t\t\t\t<\/div>\n\t\t\t\t\t<\/div>\n\t\t<\/div>\n\t\t\t\t\t<\/div>\n\t\t<\/section>\n\t\t\t\t<\/div>","protected":false},"excerpt":{"rendered":"<p>Dans le secteur de l&rsquo;a\u00e9rospatiale, o\u00f9 la pr\u00e9cision et la propret\u00e9 sont essentielles, la qualit\u00e9 de l&rsquo;air dans les salles blanches rev\u00eat une importance capitale. Toutefois, maintenir un environnement de travail conforme aux normes les plus strictes tout en minimisant les co\u00fbts \u00e9nerg\u00e9tiques constitue un d\u00e9fi de taille. L&rsquo;association des compteurs optique particulaire (COP) et [&hellip;]<\/p>","protected":false},"author":11,"featured_media":4330,"comment_status":"open","ping_status":"open","sticky":false,"template":"","format":"standard","meta":{"footnotes":""},"categories":[17],"tags":[],"class_list":["post-4167","post","type-post","status-publish","format-standard","has-post-thumbnail","hentry","category-economie-denergie"],"acf":[],"yoast_head":"<!-- This site is optimized with the Yoast SEO plugin v27.5 - https:\/\/yoast.com\/product\/yoast-seo-wordpress\/ -->\n<title>Optimisation \u00e9nerg\u00e9tique avec le safyr OPC en a\u00e9rospatial - Safyr OPC<\/title>\n<meta name=\"description\" content=\"Le secteur a\u00e9rospatial, par sa nature m\u00eame, est confront\u00e9 \u00e0 des d\u00e9fis uniques en mati\u00e8re d\u2019efficacit\u00e9 \u00e9nerg\u00e9tique.\" \/>\n<meta name=\"robots\" content=\"index, follow, max-snippet:-1, max-image-preview:large, max-video-preview:-1\" \/>\n<link rel=\"canonical\" href=\"https:\/\/www.optical-particle-counter.com\/en\/2024\/04\/15\/optimisation-energetique-grace-au-safyr-opc-en-aerospatial\/\" \/>\n<meta property=\"og:locale\" content=\"en_US\" \/>\n<meta property=\"og:type\" content=\"article\" \/>\n<meta property=\"og:title\" content=\"Optimisation \u00e9nerg\u00e9tique gr\u00e2ce au safyr OPC en a\u00e9rospatial\" \/>\n<meta property=\"og:description\" content=\"Le secteur a\u00e9rospatial, par sa nature m\u00eame, est confront\u00e9 \u00e0 des d\u00e9fis uniques en mati\u00e8re d\u2019efficacit\u00e9 \u00e9nerg\u00e9tique.\" \/>\n<meta property=\"og:url\" content=\"https:\/\/www.optical-particle-counter.com\/en\/2024\/04\/15\/optimisation-energetique-grace-au-safyr-opc-en-aerospatial\/\" \/>\n<meta property=\"og:site_name\" content=\"Safyr OPC\" \/>\n<meta property=\"article:published_time\" content=\"2024-04-15T14:05:23+00:00\" \/>\n<meta property=\"article:modified_time\" content=\"2024-06-20T13:19:35+00:00\" \/>\n<meta property=\"og:image\" content=\"https:\/\/www.optical-particle-counter.com\/wp-content\/uploads\/2024\/04\/Plan-de-travail-1-copie-2_11@2x-100.jpg\" \/>\n\t<meta property=\"og:image:width\" content=\"2401\" \/>\n\t<meta property=\"og:image:height\" content=\"2401\" \/>\n\t<meta property=\"og:image:type\" content=\"image\/jpeg\" \/>\n<meta name=\"author\" content=\"justine.dubois@hex-group.eu\" \/>\n<meta name=\"twitter:card\" content=\"summary_large_image\" \/>\n<meta name=\"twitter:title\" content=\"Optimisation \u00e9nerg\u00e9tique gr\u00e2ce au safyr OPC en a\u00e9rospatial\" \/>\n<meta name=\"twitter:description\" content=\"Le secteur a\u00e9rospatial, par sa nature m\u00eame, est confront\u00e9 \u00e0 des d\u00e9fis uniques en mati\u00e8re d\u2019efficacit\u00e9 \u00e9nerg\u00e9tique.\" \/>\n<meta name=\"twitter:image\" content=\"https:\/\/www.optical-particle-counter.com\/wp-content\/uploads\/2024\/04\/Plan-de-travail-1-copie-2_11@2x-100.jpg\" \/>\n<meta name=\"twitter:label1\" content=\"Written by\" \/>\n\t<meta name=\"twitter:data1\" content=\"justine.dubois@hex-group.eu\" \/>\n\t<meta name=\"twitter:label2\" content=\"Est. reading time\" \/>\n\t<meta name=\"twitter:data2\" content=\"3 minutes\" \/>\n<script type=\"application\/ld+json\" class=\"yoast-schema-graph\">{\"@context\":\"https:\\\/\\\/schema.org\",\"@graph\":[{\"@type\":\"Article\",\"@id\":\"https:\\\/\\\/www.optical-particle-counter.com\\\/2024\\\/04\\\/15\\\/optimisation-energetique-grace-au-safyr-opc-en-aerospatial\\\/#article\",\"isPartOf\":{\"@id\":\"https:\\\/\\\/www.optical-particle-counter.com\\\/2024\\\/04\\\/15\\\/optimisation-energetique-grace-au-safyr-opc-en-aerospatial\\\/\"},\"author\":{\"name\":\"justine.dubois@hex-group.eu\",\"@id\":\"https:\\\/\\\/www.optical-particle-counter.com\\\/#\\\/schema\\\/person\\\/8121505ee3243e95a9ff32c4fb2787d1\"},\"headline\":\"Optimisation \u00e9nerg\u00e9tique avec le safyr OPC en a\u00e9rospatial\",\"datePublished\":\"2024-04-15T14:05:23+00:00\",\"dateModified\":\"2024-06-20T13:19:35+00:00\",\"mainEntityOfPage\":{\"@id\":\"https:\\\/\\\/www.optical-particle-counter.com\\\/2024\\\/04\\\/15\\\/optimisation-energetique-grace-au-safyr-opc-en-aerospatial\\\/\"},\"wordCount\":581,\"commentCount\":0,\"publisher\":{\"@id\":\"https:\\\/\\\/www.optical-particle-counter.com\\\/#organization\"},\"image\":{\"@id\":\"https:\\\/\\\/www.optical-particle-counter.com\\\/2024\\\/04\\\/15\\\/optimisation-energetique-grace-au-safyr-opc-en-aerospatial\\\/#primaryimage\"},\"thumbnailUrl\":\"https:\\\/\\\/www.optical-particle-counter.com\\\/wp-content\\\/uploads\\\/2024\\\/05\\\/avion.png\",\"articleSection\":[\"Economie d'\u00e9nergie\"],\"inLanguage\":\"en-US\",\"potentialAction\":[{\"@type\":\"CommentAction\",\"name\":\"Comment\",\"target\":[\"https:\\\/\\\/www.optical-particle-counter.com\\\/2024\\\/04\\\/15\\\/optimisation-energetique-grace-au-safyr-opc-en-aerospatial\\\/#respond\"]}]},{\"@type\":\"WebPage\",\"@id\":\"https:\\\/\\\/www.optical-particle-counter.com\\\/2024\\\/04\\\/15\\\/optimisation-energetique-grace-au-safyr-opc-en-aerospatial\\\/\",\"url\":\"https:\\\/\\\/www.optical-particle-counter.com\\\/2024\\\/04\\\/15\\\/optimisation-energetique-grace-au-safyr-opc-en-aerospatial\\\/\",\"name\":\"Optimisation \u00e9nerg\u00e9tique avec le safyr OPC en a\u00e9rospatial - Safyr OPC\",\"isPartOf\":{\"@id\":\"https:\\\/\\\/www.optical-particle-counter.com\\\/#website\"},\"primaryImageOfPage\":{\"@id\":\"https:\\\/\\\/www.optical-particle-counter.com\\\/2024\\\/04\\\/15\\\/optimisation-energetique-grace-au-safyr-opc-en-aerospatial\\\/#primaryimage\"},\"image\":{\"@id\":\"https:\\\/\\\/www.optical-particle-counter.com\\\/2024\\\/04\\\/15\\\/optimisation-energetique-grace-au-safyr-opc-en-aerospatial\\\/#primaryimage\"},\"thumbnailUrl\":\"https:\\\/\\\/www.optical-particle-counter.com\\\/wp-content\\\/uploads\\\/2024\\\/05\\\/avion.png\",\"datePublished\":\"2024-04-15T14:05:23+00:00\",\"dateModified\":\"2024-06-20T13:19:35+00:00\",\"description\":\"Le secteur a\u00e9rospatial, par sa nature m\u00eame, est confront\u00e9 \u00e0 des d\u00e9fis uniques en mati\u00e8re d\u2019efficacit\u00e9 \u00e9nerg\u00e9tique.\",\"breadcrumb\":{\"@id\":\"https:\\\/\\\/www.optical-particle-counter.com\\\/2024\\\/04\\\/15\\\/optimisation-energetique-grace-au-safyr-opc-en-aerospatial\\\/#breadcrumb\"},\"inLanguage\":\"en-US\",\"potentialAction\":[{\"@type\":\"ReadAction\",\"target\":[\"https:\\\/\\\/www.optical-particle-counter.com\\\/2024\\\/04\\\/15\\\/optimisation-energetique-grace-au-safyr-opc-en-aerospatial\\\/\"]}]},{\"@type\":\"ImageObject\",\"inLanguage\":\"en-US\",\"@id\":\"https:\\\/\\\/www.optical-particle-counter.com\\\/2024\\\/04\\\/15\\\/optimisation-energetique-grace-au-safyr-opc-en-aerospatial\\\/#primaryimage\",\"url\":\"https:\\\/\\\/www.optical-particle-counter.com\\\/wp-content\\\/uploads\\\/2024\\\/05\\\/avion.png\",\"contentUrl\":\"https:\\\/\\\/www.optical-particle-counter.com\\\/wp-content\\\/uploads\\\/2024\\\/05\\\/avion.png\",\"width\":1024,\"height\":683,\"caption\":\"A\u00e9ronautique\"},{\"@type\":\"BreadcrumbList\",\"@id\":\"https:\\\/\\\/www.optical-particle-counter.com\\\/2024\\\/04\\\/15\\\/optimisation-energetique-grace-au-safyr-opc-en-aerospatial\\\/#breadcrumb\",\"itemListElement\":[{\"@type\":\"ListItem\",\"position\":1,\"name\":\"Accueil\",\"item\":\"https:\\\/\\\/www.optical-particle-counter.com\\\/\"},{\"@type\":\"ListItem\",\"position\":2,\"name\":\"Optimisation \u00e9nerg\u00e9tique avec le safyr OPC en a\u00e9rospatial\"}]},{\"@type\":\"WebSite\",\"@id\":\"https:\\\/\\\/www.optical-particle-counter.com\\\/#website\",\"url\":\"https:\\\/\\\/www.optical-particle-counter.com\\\/\",\"name\":\"Safyr OPC\",\"description\":\"Optical Particle Counter\",\"publisher\":{\"@id\":\"https:\\\/\\\/www.optical-particle-counter.com\\\/#organization\"},\"potentialAction\":[{\"@type\":\"SearchAction\",\"target\":{\"@type\":\"EntryPoint\",\"urlTemplate\":\"https:\\\/\\\/www.optical-particle-counter.com\\\/?s={search_term_string}\"},\"query-input\":{\"@type\":\"PropertyValueSpecification\",\"valueRequired\":true,\"valueName\":\"search_term_string\"}}],\"inLanguage\":\"en-US\"},{\"@type\":\"Organization\",\"@id\":\"https:\\\/\\\/www.optical-particle-counter.com\\\/#organization\",\"name\":\"Safyr OPC\",\"url\":\"https:\\\/\\\/www.optical-particle-counter.com\\\/\",\"logo\":{\"@type\":\"ImageObject\",\"inLanguage\":\"en-US\",\"@id\":\"https:\\\/\\\/www.optical-particle-counter.com\\\/#\\\/schema\\\/logo\\\/image\\\/\",\"url\":\"https:\\\/\\\/www.optical-particle-counter.com\\\/wp-content\\\/uploads\\\/2022\\\/01\\\/Logo-Safyr-OPC.svg\",\"contentUrl\":\"https:\\\/\\\/www.optical-particle-counter.com\\\/wp-content\\\/uploads\\\/2022\\\/01\\\/Logo-Safyr-OPC.svg\",\"width\":176,\"height\":33,\"caption\":\"Safyr OPC\"},\"image\":{\"@id\":\"https:\\\/\\\/www.optical-particle-counter.com\\\/#\\\/schema\\\/logo\\\/image\\\/\"}},{\"@type\":\"Person\",\"@id\":\"https:\\\/\\\/www.optical-particle-counter.com\\\/#\\\/schema\\\/person\\\/8121505ee3243e95a9ff32c4fb2787d1\",\"name\":\"justine.dubois@hex-group.eu\",\"image\":{\"@type\":\"ImageObject\",\"inLanguage\":\"en-US\",\"@id\":\"https:\\\/\\\/secure.gravatar.com\\\/avatar\\\/a3e8357c2801d913e5a555e0524180e15983979de06c92d4cadb7ec607f6420e?s=96&d=mm&r=g\",\"url\":\"https:\\\/\\\/secure.gravatar.com\\\/avatar\\\/a3e8357c2801d913e5a555e0524180e15983979de06c92d4cadb7ec607f6420e?s=96&d=mm&r=g\",\"contentUrl\":\"https:\\\/\\\/secure.gravatar.com\\\/avatar\\\/a3e8357c2801d913e5a555e0524180e15983979de06c92d4cadb7ec607f6420e?s=96&d=mm&r=g\",\"caption\":\"justine.dubois@hex-group.eu\"},\"url\":\"https:\\\/\\\/www.optical-particle-counter.com\\\/en\\\/author\\\/justine-duboishex-group-eu\\\/\"}]}<\/script>\n<!-- \/ Yoast SEO plugin. -->","yoast_head_json":{"title":"Optimisation \u00e9nerg\u00e9tique avec le safyr OPC en a\u00e9rospatial - Safyr OPC","description":"Le secteur a\u00e9rospatial, par sa nature m\u00eame, est confront\u00e9 \u00e0 des d\u00e9fis uniques en mati\u00e8re d\u2019efficacit\u00e9 \u00e9nerg\u00e9tique.","robots":{"index":"index","follow":"follow","max-snippet":"max-snippet:-1","max-image-preview":"max-image-preview:large","max-video-preview":"max-video-preview:-1"},"canonical":"https:\/\/www.optical-particle-counter.com\/en\/2024\/04\/15\/optimisation-energetique-grace-au-safyr-opc-en-aerospatial\/","og_locale":"en_US","og_type":"article","og_title":"Optimisation \u00e9nerg\u00e9tique gr\u00e2ce au safyr OPC en a\u00e9rospatial","og_description":"Le secteur a\u00e9rospatial, par sa nature m\u00eame, est confront\u00e9 \u00e0 des d\u00e9fis uniques en mati\u00e8re d\u2019efficacit\u00e9 \u00e9nerg\u00e9tique.","og_url":"https:\/\/www.optical-particle-counter.com\/en\/2024\/04\/15\/optimisation-energetique-grace-au-safyr-opc-en-aerospatial\/","og_site_name":"Safyr OPC","article_published_time":"2024-04-15T14:05:23+00:00","article_modified_time":"2024-06-20T13:19:35+00:00","og_image":[{"width":2401,"height":2401,"url":"https:\/\/www.optical-particle-counter.com\/wp-content\/uploads\/2024\/04\/Plan-de-travail-1-copie-2_11@2x-100.jpg","type":"image\/jpeg"}],"author":"justine.dubois@hex-group.eu","twitter_card":"summary_large_image","twitter_title":"Optimisation \u00e9nerg\u00e9tique gr\u00e2ce au safyr OPC en a\u00e9rospatial","twitter_description":"Le secteur a\u00e9rospatial, par sa nature m\u00eame, est confront\u00e9 \u00e0 des d\u00e9fis uniques en mati\u00e8re d\u2019efficacit\u00e9 \u00e9nerg\u00e9tique.","twitter_image":"https:\/\/www.optical-particle-counter.com\/wp-content\/uploads\/2024\/04\/Plan-de-travail-1-copie-2_11@2x-100.jpg","twitter_misc":{"Written by":"justine.dubois@hex-group.eu","Est. reading time":"3 minutes"},"schema":{"@context":"https:\/\/schema.org","@graph":[{"@type":"Article","@id":"https:\/\/www.optical-particle-counter.com\/2024\/04\/15\/optimisation-energetique-grace-au-safyr-opc-en-aerospatial\/#article","isPartOf":{"@id":"https:\/\/www.optical-particle-counter.com\/2024\/04\/15\/optimisation-energetique-grace-au-safyr-opc-en-aerospatial\/"},"author":{"name":"justine.dubois@hex-group.eu","@id":"https:\/\/www.optical-particle-counter.com\/#\/schema\/person\/8121505ee3243e95a9ff32c4fb2787d1"},"headline":"Optimisation \u00e9nerg\u00e9tique avec le safyr OPC en a\u00e9rospatial","datePublished":"2024-04-15T14:05:23+00:00","dateModified":"2024-06-20T13:19:35+00:00","mainEntityOfPage":{"@id":"https:\/\/www.optical-particle-counter.com\/2024\/04\/15\/optimisation-energetique-grace-au-safyr-opc-en-aerospatial\/"},"wordCount":581,"commentCount":0,"publisher":{"@id":"https:\/\/www.optical-particle-counter.com\/#organization"},"image":{"@id":"https:\/\/www.optical-particle-counter.com\/2024\/04\/15\/optimisation-energetique-grace-au-safyr-opc-en-aerospatial\/#primaryimage"},"thumbnailUrl":"https:\/\/www.optical-particle-counter.com\/wp-content\/uploads\/2024\/05\/avion.png","articleSection":["Economie d'\u00e9nergie"],"inLanguage":"en-US","potentialAction":[{"@type":"CommentAction","name":"Comment","target":["https:\/\/www.optical-particle-counter.com\/2024\/04\/15\/optimisation-energetique-grace-au-safyr-opc-en-aerospatial\/#respond"]}]},{"@type":"WebPage","@id":"https:\/\/www.optical-particle-counter.com\/2024\/04\/15\/optimisation-energetique-grace-au-safyr-opc-en-aerospatial\/","url":"https:\/\/www.optical-particle-counter.com\/2024\/04\/15\/optimisation-energetique-grace-au-safyr-opc-en-aerospatial\/","name":"Optimisation \u00e9nerg\u00e9tique avec le safyr OPC en a\u00e9rospatial - Safyr OPC","isPartOf":{"@id":"https:\/\/www.optical-particle-counter.com\/#website"},"primaryImageOfPage":{"@id":"https:\/\/www.optical-particle-counter.com\/2024\/04\/15\/optimisation-energetique-grace-au-safyr-opc-en-aerospatial\/#primaryimage"},"image":{"@id":"https:\/\/www.optical-particle-counter.com\/2024\/04\/15\/optimisation-energetique-grace-au-safyr-opc-en-aerospatial\/#primaryimage"},"thumbnailUrl":"https:\/\/www.optical-particle-counter.com\/wp-content\/uploads\/2024\/05\/avion.png","datePublished":"2024-04-15T14:05:23+00:00","dateModified":"2024-06-20T13:19:35+00:00","description":"Le secteur a\u00e9rospatial, par sa nature m\u00eame, est confront\u00e9 \u00e0 des d\u00e9fis uniques en mati\u00e8re d\u2019efficacit\u00e9 \u00e9nerg\u00e9tique.","breadcrumb":{"@id":"https:\/\/www.optical-particle-counter.com\/2024\/04\/15\/optimisation-energetique-grace-au-safyr-opc-en-aerospatial\/#breadcrumb"},"inLanguage":"en-US","potentialAction":[{"@type":"ReadAction","target":["https:\/\/www.optical-particle-counter.com\/2024\/04\/15\/optimisation-energetique-grace-au-safyr-opc-en-aerospatial\/"]}]},{"@type":"ImageObject","inLanguage":"en-US","@id":"https:\/\/www.optical-particle-counter.com\/2024\/04\/15\/optimisation-energetique-grace-au-safyr-opc-en-aerospatial\/#primaryimage","url":"https:\/\/www.optical-particle-counter.com\/wp-content\/uploads\/2024\/05\/avion.png","contentUrl":"https:\/\/www.optical-particle-counter.com\/wp-content\/uploads\/2024\/05\/avion.png","width":1024,"height":683,"caption":"A\u00e9ronautique"},{"@type":"BreadcrumbList","@id":"https:\/\/www.optical-particle-counter.com\/2024\/04\/15\/optimisation-energetique-grace-au-safyr-opc-en-aerospatial\/#breadcrumb","itemListElement":[{"@type":"ListItem","position":1,"name":"Accueil","item":"https:\/\/www.optical-particle-counter.com\/"},{"@type":"ListItem","position":2,"name":"Optimisation \u00e9nerg\u00e9tique avec le safyr OPC en a\u00e9rospatial"}]},{"@type":"WebSite","@id":"https:\/\/www.optical-particle-counter.com\/#website","url":"https:\/\/www.optical-particle-counter.com\/","name":"Safyr OPC","description":"Optical Particle Counter","publisher":{"@id":"https:\/\/www.optical-particle-counter.com\/#organization"},"potentialAction":[{"@type":"SearchAction","target":{"@type":"EntryPoint","urlTemplate":"https:\/\/www.optical-particle-counter.com\/?s={search_term_string}"},"query-input":{"@type":"PropertyValueSpecification","valueRequired":true,"valueName":"search_term_string"}}],"inLanguage":"en-US"},{"@type":"Organization","@id":"https:\/\/www.optical-particle-counter.com\/#organization","name":"Safyr OPC","url":"https:\/\/www.optical-particle-counter.com\/","logo":{"@type":"ImageObject","inLanguage":"en-US","@id":"https:\/\/www.optical-particle-counter.com\/#\/schema\/logo\/image\/","url":"https:\/\/www.optical-particle-counter.com\/wp-content\/uploads\/2022\/01\/Logo-Safyr-OPC.svg","contentUrl":"https:\/\/www.optical-particle-counter.com\/wp-content\/uploads\/2022\/01\/Logo-Safyr-OPC.svg","width":176,"height":33,"caption":"Safyr OPC"},"image":{"@id":"https:\/\/www.optical-particle-counter.com\/#\/schema\/logo\/image\/"}},{"@type":"Person","@id":"https:\/\/www.optical-particle-counter.com\/#\/schema\/person\/8121505ee3243e95a9ff32c4fb2787d1","name":"justine.dubois@hex-group.eu","image":{"@type":"ImageObject","inLanguage":"en-US","@id":"https:\/\/secure.gravatar.com\/avatar\/a3e8357c2801d913e5a555e0524180e15983979de06c92d4cadb7ec607f6420e?s=96&d=mm&r=g","url":"https:\/\/secure.gravatar.com\/avatar\/a3e8357c2801d913e5a555e0524180e15983979de06c92d4cadb7ec607f6420e?s=96&d=mm&r=g","contentUrl":"https:\/\/secure.gravatar.com\/avatar\/a3e8357c2801d913e5a555e0524180e15983979de06c92d4cadb7ec607f6420e?s=96&d=mm&r=g","caption":"justine.dubois@hex-group.eu"},"url":"https:\/\/www.optical-particle-counter.com\/en\/author\/justine-duboishex-group-eu\/"}]}},"_links":{"self":[{"href":"https:\/\/www.optical-particle-counter.com\/en\/wp-json\/wp\/v2\/posts\/4167","targetHints":{"allow":["GET"]}}],"collection":[{"href":"https:\/\/www.optical-particle-counter.com\/en\/wp-json\/wp\/v2\/posts"}],"about":[{"href":"https:\/\/www.optical-particle-counter.com\/en\/wp-json\/wp\/v2\/types\/post"}],"author":[{"embeddable":true,"href":"https:\/\/www.optical-particle-counter.com\/en\/wp-json\/wp\/v2\/users\/11"}],"replies":[{"embeddable":true,"href":"https:\/\/www.optical-particle-counter.com\/en\/wp-json\/wp\/v2\/comments?post=4167"}],"version-history":[{"count":84,"href":"https:\/\/www.optical-particle-counter.com\/en\/wp-json\/wp\/v2\/posts\/4167\/revisions"}],"predecessor-version":[{"id":4560,"href":"https:\/\/www.optical-particle-counter.com\/en\/wp-json\/wp\/v2\/posts\/4167\/revisions\/4560"}],"wp:featuredmedia":[{"embeddable":true,"href":"https:\/\/www.optical-particle-counter.com\/en\/wp-json\/wp\/v2\/media\/4330"}],"wp:attachment":[{"href":"https:\/\/www.optical-particle-counter.com\/en\/wp-json\/wp\/v2\/media?parent=4167"}],"wp:term":[{"taxonomy":"category","embeddable":true,"href":"https:\/\/www.optical-particle-counter.com\/en\/wp-json\/wp\/v2\/categories?post=4167"},{"taxonomy":"post_tag","embeddable":true,"href":"https:\/\/www.optical-particle-counter.com\/en\/wp-json\/wp\/v2\/tags?post=4167"}],"curies":[{"name":"wp","href":"https:\/\/api.w.org\/{rel}","templated":true}]}}