{"id":3746,"date":"2023-04-07T10:14:06","date_gmt":"2023-04-07T08:14:06","guid":{"rendered":"https:\/\/www.optical-particle-counter.com\/?p=3746"},"modified":"2024-06-20T11:45:16","modified_gmt":"2024-06-20T09:45:16","slug":"prix-de-linnovation-2023-pour-safyr-opc","status":"publish","type":"post","link":"https:\/\/www.optical-particle-counter.com\/en\/2023\/04\/07\/prix-de-linnovation-2023-pour-safyr-opc\/","title":{"rendered":"Prix de l&rsquo;Innovation 2023 pour safyr OPC"},"content":{"rendered":"<div data-elementor-type=\"wp-post\" data-elementor-id=\"3746\" class=\"elementor elementor-3746\" data-elementor-post-type=\"post\">\n\t\t\t\t\t\t<section class=\"elementor-section elementor-top-section elementor-element elementor-element-168b4c1 elementor-section-boxed elementor-section-height-default elementor-section-height-default\" data-id=\"168b4c1\" data-element_type=\"section\">\n\t\t\t\t\t\t<div class=\"elementor-container elementor-column-gap-default\">\n\t\t\t\t\t<div class=\"elementor-column elementor-col-100 elementor-top-column elementor-element elementor-element-cd9e5c6\" data-id=\"cd9e5c6\" data-element_type=\"column\">\n\t\t\t<div class=\"elementor-widget-wrap elementor-element-populated\">\n\t\t\t\t\t\t<div class=\"elementor-element elementor-element-5734b22 elementor-widget elementor-widget-heading\" data-id=\"5734b22\" data-element_type=\"widget\" data-widget_type=\"heading.default\">\n\t\t\t\t<div class=\"elementor-widget-container\">\n\t\t\t<style>\/*! elementor - v3.22.0 - 24-06-2024 *\/\n.elementor-heading-title{padding:0;margin:0;line-height:1}.elementor-widget-heading .elementor-heading-title[class*=elementor-size-]>a{color:inherit;font-size:inherit;line-height:inherit}.elementor-widget-heading .elementor-heading-title.elementor-size-small{font-size:15px}.elementor-widget-heading .elementor-heading-title.elementor-size-medium{font-size:19px}.elementor-widget-heading .elementor-heading-title.elementor-size-large{font-size:29px}.elementor-widget-heading .elementor-heading-title.elementor-size-xl{font-size:39px}.elementor-widget-heading .elementor-heading-title.elementor-size-xxl{font-size:59px}<\/style><h2 class=\"elementor-heading-title elementor-size-default\"><h2 data-elementor-setting-key=\"title\" data-pen-placeholder=\"\u00c9crivez ici...\" style=\"font-family: var( --e-global-typography-primary-font-family ), Sans-serif; font-weight: var( --e-global-typography-primary-font-weight ); font-size: var( --e-global-typography-primary-font-size );\">safyr OPC reconnu comme l\u2019Innovation de l\u2019ann\u00e9e par un jury d'experts au salon ContaminExpo<\/h2><\/h2>\t\t<\/div>\n\t\t\t\t<\/div>\n\t\t\t\t\t<\/div>\n\t\t<\/div>\n\t\t\t\t\t<\/div>\n\t\t<\/section>\n\t\t\t\t<section class=\"elementor-section elementor-top-section elementor-element elementor-element-67f9e96 elementor-section-boxed elementor-section-height-default elementor-section-height-default\" data-id=\"67f9e96\" data-element_type=\"section\">\n\t\t\t\t\t\t<div class=\"elementor-container elementor-column-gap-default\">\n\t\t\t\t\t<div class=\"elementor-column elementor-col-100 elementor-top-column elementor-element elementor-element-23c76e2\" data-id=\"23c76e2\" data-element_type=\"column\">\n\t\t\t<div class=\"elementor-widget-wrap elementor-element-populated\">\n\t\t\t\t\t\t<div class=\"elementor-element elementor-element-f217008 elementor-widget elementor-widget-text-editor\" data-id=\"f217008\" data-element_type=\"widget\" data-widget_type=\"text-editor.default\">\n\t\t\t\t<div class=\"elementor-widget-container\">\n\t\t\t<style>\/*! elementor - v3.22.0 - 24-06-2024 *\/\n.elementor-widget-text-editor.elementor-drop-cap-view-stacked .elementor-drop-cap{background-color:#69727d;color:#fff}.elementor-widget-text-editor.elementor-drop-cap-view-framed .elementor-drop-cap{color:#69727d;border:3px solid;background-color:transparent}.elementor-widget-text-editor:not(.elementor-drop-cap-view-default) .elementor-drop-cap{margin-top:8px}.elementor-widget-text-editor:not(.elementor-drop-cap-view-default) .elementor-drop-cap-letter{width:1em;height:1em}.elementor-widget-text-editor .elementor-drop-cap{float:left;text-align:center;line-height:1;font-size:50px}.elementor-widget-text-editor .elementor-drop-cap-letter{display:inline-block}<\/style>\t\t\t\t<p><b>Dix-sept candidats \u00e9taient en lice pour rafler l\u2019un des trois prix de l\u2019Innovation 2023, d\u00e9cern\u00e9 lors du salon ContaminExpo, qui s\u2019est d\u00e9roul\u00e9, \u00e0 Paris, du 28 au 30 mars dernier. Dans la cat\u00e9gorie \u00ab mat\u00e9riels d\u2019exploitation \u00bb, HeX+safyr, gr\u00e2ce \u00e0 son compteur particulaire safyr OPC, est reparti avec le troph\u00e9e tant convoit\u00e9. Une belle r\u00e9compense pour l&rsquo;entreprise, mais aussi pour les \u00e9quipes qui ont, de pr\u00e8s ou de loin, contribu\u00e9 \u00e0 la cr\u00e9ation de ce compteur particulaire innovant.<\/b><\/p>\t\t\t\t\t\t<\/div>\n\t\t\t\t<\/div>\n\t\t\t\t\t<\/div>\n\t\t<\/div>\n\t\t\t\t\t<\/div>\n\t\t<\/section>\n\t\t\t\t<section class=\"elementor-section elementor-top-section elementor-element elementor-element-6ffda66 elementor-section-boxed elementor-section-height-default elementor-section-height-default\" data-id=\"6ffda66\" data-element_type=\"section\">\n\t\t\t\t\t\t<div class=\"elementor-container elementor-column-gap-default\">\n\t\t\t\t\t<div class=\"elementor-column elementor-col-50 elementor-top-column elementor-element elementor-element-93c6de1\" data-id=\"93c6de1\" data-element_type=\"column\">\n\t\t\t<div class=\"elementor-widget-wrap elementor-element-populated\">\n\t\t\t\t\t\t<div class=\"elementor-element elementor-element-027863a elementor-widget elementor-widget-image\" data-id=\"027863a\" data-element_type=\"widget\" data-widget_type=\"image.default\">\n\t\t\t\t<div class=\"elementor-widget-container\">\n\t\t\t<style>\/*! elementor - v3.22.0 - 24-06-2024 *\/\n.elementor-widget-image{text-align:center}.elementor-widget-image a{display:inline-block}.elementor-widget-image a img[src$=\".svg\"]{width:48px}.elementor-widget-image img{vertical-align:middle;display:inline-block}<\/style>\t\t\t\t\t\t\t<figure class=\"wp-caption\">\n\t\t\t\t\t\t\t\t\t\t<img fetchpriority=\"high\" decoding=\"async\" width=\"763\" height=\"547\" src=\"https:\/\/www.optical-particle-counter.com\/wp-content\/uploads\/2023\/04\/photo-david-et-tony.jpg\" class=\"attachment-large size-large wp-image-3749\" alt=\"Prix de l&#039;Innovation 2023 pour safyr OPC : photo remise de prix\" srcset=\"https:\/\/www.optical-particle-counter.com\/wp-content\/uploads\/2023\/04\/photo-david-et-tony.jpg 763w, https:\/\/www.optical-particle-counter.com\/wp-content\/uploads\/2023\/04\/photo-david-et-tony-300x215.jpg 300w, https:\/\/www.optical-particle-counter.com\/wp-content\/uploads\/2023\/04\/photo-david-et-tony-18x12.jpg 18w\" sizes=\"(max-width: 763px) 100vw, 763px\" \/>\t\t\t\t\t\t\t\t\t\t\t<figcaption class=\"widget-image-caption wp-caption-text\">Pour Tony Wattrelot, CEO d'Hex+safyr, et David Deneuville, CTO, safyr OPC r\u00e9pond \u00e0 une demande croissante du march\u00e9 de la salle propre<\/figcaption>\n\t\t\t\t\t\t\t\t\t\t<\/figure>\n\t\t\t\t\t\t\t<\/div>\n\t\t\t\t<\/div>\n\t\t\t\t\t<\/div>\n\t\t<\/div>\n\t\t\t\t<div class=\"elementor-column elementor-col-50 elementor-top-column elementor-element elementor-element-514e196\" data-id=\"514e196\" data-element_type=\"column\">\n\t\t\t<div class=\"elementor-widget-wrap elementor-element-populated\">\n\t\t\t\t\t\t<div class=\"elementor-element elementor-element-d543986 elementor-widget elementor-widget-text-editor\" data-id=\"d543986\" data-element_type=\"widget\" data-widget_type=\"text-editor.default\">\n\t\t\t\t<div class=\"elementor-widget-container\">\n\t\t\t\t\t\t\t<p>Organis\u00e9 en partenariat avec\u00a0<a href=\"https:\/\/www.aspec.fr\/\" target=\"_blank\" rel=\"noopener\">l\u2019Aspec\u00a0<\/a>et le magazine Salles propres, le <strong>prix de l\u2019Innovation<\/strong> r\u00e9compense, tous les deux ans, les innovations qui sont pr\u00e9sent\u00e9es \u00e0 l\u2019occasion du salon\u00a0<a href=\"https:\/\/www.contaminexpo.fr\/fr\" target=\"_blank\" rel=\"noopener\">ContaminExpo<\/a>. Pour cette \u00e9dition 2023, le jury \u00e9tait compos\u00e9 de plusieurs experts, connus et reconnus dans le secteur scientifique et de la salle propre, dont Philippe Bourbon, responsable formation et coordinateur technique de l\u2019Aspec ; Bastien Cany, directeur de la r\u00e9daction du magazine\u00a0<a href=\"http:\/\/sallespropres.fr\/\" target=\"_blank\" rel=\"noopener\">Salles Propres<\/a>\u00a0; Genevi\u00e8ve Cosenza, directrice g\u00e9n\u00e9rale HTI Technologies \/ HTI Med ; Abdel Khadir, eKOPE, membre du conseil scientifique de l\u2019Aspec ; St\u00e9phane Ortu, d\u00e9l\u00e9gu\u00e9 g\u00e9n\u00e9ral de l\u2019Aspec ;\u00a0 Sylvain Triquet, Laboratoire Lisa, Universit\u00e9 Paris-Est Cr\u00e9teil (UPEC) ; Sylvie Vandriessche, consultante, membre du conseil scientifique de l\u2019Aspec ; Fr\u00e9d\u00e9ric Yvorel, Laboratoire Merck.<\/p>\t\t\t\t\t\t<\/div>\n\t\t\t\t<\/div>\n\t\t\t\t\t<\/div>\n\t\t<\/div>\n\t\t\t\t\t<\/div>\n\t\t<\/section>\n\t\t\t\t<section class=\"elementor-section elementor-top-section elementor-element elementor-element-0760247 elementor-section-boxed elementor-section-height-default elementor-section-height-default\" data-id=\"0760247\" data-element_type=\"section\">\n\t\t\t\t\t\t<div class=\"elementor-container elementor-column-gap-default\">\n\t\t\t\t\t<div class=\"elementor-column elementor-col-33 elementor-top-column elementor-element elementor-element-351025a\" data-id=\"351025a\" data-element_type=\"column\">\n\t\t\t<div class=\"elementor-widget-wrap elementor-element-populated\">\n\t\t\t\t\t\t<div class=\"elementor-element elementor-element-00b7a8d elementor-widget elementor-widget-text-editor\" data-id=\"00b7a8d\" data-element_type=\"widget\" data-widget_type=\"text-editor.default\">\n\t\t\t\t<div class=\"elementor-widget-container\">\n\t\t\t\t\t\t\t<p>Equipements constitutifs, services et mat\u00e9riels d\u2019exploitation \u00e9taient les trois cat\u00e9gories pour lesquelles le jury devait se prononcer. <strong><a href=\"https:\/\/www.hex-group.eu\/\">Hex<\/a>+<a href=\"http:\/\/safyr-solution.com\">safyr<\/a>.<\/strong> se retrouvait dans la derni\u00e8re cit\u00e9e. Et le moins que l\u2019on puisse \u00e9crire, c\u2019est que son compteur de particules d\u00e9di\u00e9 au monitoring (<a href=\"https:\/\/www.optical-particle-counter.com\/en\/\">safyr OPC<\/a>) a re\u00e7u les f\u00e9licitations du jury.\u00a0<\/p><p>Pour\u00a0<a href=\"https:\/\/www.linkedin.com\/in\/tony-wattrelot-67416133\/\" target=\"_blank\" rel=\"noopener\">Tony Wattrelot<\/a>, CEO d\u2019<a href=\"https:\/\/www.hex-group.eu\/\">HeX<\/a>+<a href=\"http:\/\/safyr-solution.com\">safyr<\/a>., c\u2019est la r\u00e9compense d\u2019un travail acharn\u00e9 de ses \u00e9quipes depuis plusieurs ann\u00e9es. <em>\u00ab C\u2019est une r\u00e9elle reconnaissance pour nous car cela sous-entend que la communaut\u00e9 reconna\u00eet le produit comme ayant un caract\u00e8re innovant. Pour nous, c\u2019est donc la preuve que nous \u00e9tions dans le bon depuis pas mal de temps. \u00bb\u00a0<\/em><\/p>\t\t\t\t\t\t<\/div>\n\t\t\t\t<\/div>\n\t\t\t\t\t<\/div>\n\t\t<\/div>\n\t\t\t\t<div class=\"elementor-column elementor-col-66 elementor-top-column elementor-element elementor-element-139db0a\" data-id=\"139db0a\" data-element_type=\"column\">\n\t\t\t<div class=\"elementor-widget-wrap elementor-element-populated\">\n\t\t\t\t\t\t<div class=\"elementor-element elementor-element-2b83232 elementor-widget elementor-widget-image\" data-id=\"2b83232\" data-element_type=\"widget\" data-widget_type=\"image.default\">\n\t\t\t\t<div class=\"elementor-widget-container\">\n\t\t\t\t\t\t\t\t\t\t<figure class=\"wp-caption\">\n\t\t\t\t\t\t\t\t\t\t<img decoding=\"async\" width=\"800\" height=\"587\" src=\"https:\/\/www.optical-particle-counter.com\/wp-content\/uploads\/2023\/04\/Photo-equipe-prix-inno-1024x751.jpg\" class=\"attachment-large size-large wp-image-3748\" alt=\"Prix de l&#039;Innovation 2023: photo d&#039;\u00e9quipe\" srcset=\"https:\/\/www.optical-particle-counter.com\/wp-content\/uploads\/2023\/04\/Photo-equipe-prix-inno-1024x751.jpg 1024w, https:\/\/www.optical-particle-counter.com\/wp-content\/uploads\/2023\/04\/Photo-equipe-prix-inno-300x220.jpg 300w, https:\/\/www.optical-particle-counter.com\/wp-content\/uploads\/2023\/04\/Photo-equipe-prix-inno-768x563.jpg 768w, https:\/\/www.optical-particle-counter.com\/wp-content\/uploads\/2023\/04\/Photo-equipe-prix-inno-1536x1126.jpg 1536w, https:\/\/www.optical-particle-counter.com\/wp-content\/uploads\/2023\/04\/Photo-equipe-prix-inno-16x12.jpg 16w, https:\/\/www.optical-particle-counter.com\/wp-content\/uploads\/2023\/04\/Photo-equipe-prix-inno.jpg 2048w\" sizes=\"(max-width: 800px) 100vw, 800px\" \/>\t\t\t\t\t\t\t\t\t\t\t<figcaption class=\"widget-image-caption wp-caption-text\">La joie \u00e9tait immense pour les membres de l'\u00e9quipe HeX+safyr. pr\u00e9sents sur le salon ContaminExpo \u00e0 Paris.<\/figcaption>\n\t\t\t\t\t\t\t\t\t\t<\/figure>\n\t\t\t\t\t\t\t<\/div>\n\t\t\t\t<\/div>\n\t\t\t\t\t<\/div>\n\t\t<\/div>\n\t\t\t\t\t<\/div>\n\t\t<\/section>\n\t\t\t\t<section class=\"elementor-section elementor-top-section elementor-element elementor-element-1606e6d elementor-section-boxed elementor-section-height-default elementor-section-height-default\" data-id=\"1606e6d\" data-element_type=\"section\">\n\t\t\t\t\t\t<div class=\"elementor-container elementor-column-gap-default\">\n\t\t\t\t\t<div class=\"elementor-column elementor-col-100 elementor-top-column elementor-element elementor-element-23b57eb\" data-id=\"23b57eb\" data-element_type=\"column\">\n\t\t\t<div class=\"elementor-widget-wrap elementor-element-populated\">\n\t\t\t\t\t\t<div class=\"elementor-element elementor-element-778b9c1 elementor-widget elementor-widget-text-editor\" data-id=\"778b9c1\" data-element_type=\"widget\" data-widget_type=\"text-editor.default\">\n\t\t\t\t<div class=\"elementor-widget-container\">\n\t\t\t\t\t\t\t<p>Ce projet ambitieux a \u00e9t\u00e9 sp\u00e9cifiquement con\u00e7u pour la surveillance des salles propres. Avec un objectif clair : rendre le monitoring particulaire accessible au plus grand nombre. Il a \u00e9galement \u00e9t\u00e9 con\u00e7u pour \u00eatre le plus maniable possible et permet une flexibilit\u00e9 qui fait de lui un outil de mesure unique en son genre.<\/p><p>Sans oublier que le <a href=\"https:\/\/www.optical-particle-counter.com\/en\/la-solution-safyr-opc-2\/\">safyr OPC<\/a> r\u00e9pond \u00e9galement \u00e0 toutes les exigences impos\u00e9es par le march\u00e9, du <a href=\"https:\/\/www.optical-particle-counter.com\/en\/2022\/12\/15\/le-safyr-opc-est-il-adapte-a-mon-environnement\/\">grade A* \u00e0 D des ISO 5,7 et 8<\/a>. Il peut \u00e9galement \u00eatre coupl\u00e9 \u00e0 la solution <a href=\"http:\/\/lyra-system.com\">Lyra <\/a>qui permet, de son c\u00f4t\u00e9, de r\u00e9colter toutes les donn\u00e9es li\u00e9es \u00e0 l\u2019activit\u00e9 d\u2019une salle propre et d\u2019anticiper les d\u00e9rives qui pourraient subvenir.\u00a0<\/p><p>Pour\u00a0<a href=\"https:\/\/www.hex-group.eu\/\" target=\"_blank\" rel=\"noopener\">HeX<\/a>+<a href=\"https:\/\/www.safyr-solution.com\/fr\/\">safyr.<\/a>, cette reconnaissance de la part de grands noms du secteur va, sans aucun doute, permettre \u00e0 l&rsquo;entreprise de se projeter vers l&rsquo;avenir avec des ambitions et un moral gonfl\u00e9s \u00e0 bloc.<br \/><br \/>*sous conditions<\/p>\t\t\t\t\t\t<\/div>\n\t\t\t\t<\/div>\n\t\t\t\t\t<\/div>\n\t\t<\/div>\n\t\t\t\t\t<\/div>\n\t\t<\/section>\n\t\t\t\t<section class=\"elementor-section elementor-top-section elementor-element elementor-element-57026d1 elementor-section-boxed elementor-section-height-default elementor-section-height-default\" data-id=\"57026d1\" data-element_type=\"section\">\n\t\t\t\t\t\t<div class=\"elementor-container elementor-column-gap-default\">\n\t\t\t\t\t<div class=\"elementor-column elementor-col-100 elementor-top-column elementor-element elementor-element-4eca8f8\" data-id=\"4eca8f8\" data-element_type=\"column\">\n\t\t\t<div class=\"elementor-widget-wrap elementor-element-populated\">\n\t\t\t\t\t\t<div class=\"elementor-element elementor-element-304ca75 elementor-widget elementor-widget-video\" data-id=\"304ca75\" data-element_type=\"widget\" data-settings=\"{&quot;youtube_url&quot;:&quot;https:\\\/\\\/youtu.be\\\/Ca_dhzPVJJk&quot;,&quot;video_type&quot;:&quot;youtube&quot;,&quot;controls&quot;:&quot;yes&quot;}\" data-widget_type=\"video.default\">\n\t\t\t\t<div class=\"elementor-widget-container\">\n\t\t\t<style>\/*! elementor - v3.22.0 - 24-06-2024 *\/\n.elementor-widget-video .elementor-widget-container{overflow:hidden;transform:translateZ(0)}.elementor-widget-video .elementor-wrapper{aspect-ratio:var(--video-aspect-ratio)}.elementor-widget-video .elementor-wrapper iframe,.elementor-widget-video .elementor-wrapper video{height:100%;width:100%;display:flex;border:none;background-color:#000}@supports not (aspect-ratio:1\/1){.elementor-widget-video .elementor-wrapper{position:relative;overflow:hidden;height:0;padding-bottom:calc(100% \/ var(--video-aspect-ratio))}.elementor-widget-video .elementor-wrapper iframe,.elementor-widget-video .elementor-wrapper video{position:absolute;top:0;right:0;bottom:0;left:0}}.elementor-widget-video .elementor-open-inline .elementor-custom-embed-image-overlay{position:absolute;top:0;right:0;bottom:0;left:0;background-size:cover;background-position:50%}.elementor-widget-video .elementor-custom-embed-image-overlay{cursor:pointer;text-align:center}.elementor-widget-video .elementor-custom-embed-image-overlay:hover .elementor-custom-embed-play i{opacity:1}.elementor-widget-video .elementor-custom-embed-image-overlay img{display:block;width:100%;aspect-ratio:var(--video-aspect-ratio);-o-object-fit:cover;object-fit:cover;-o-object-position:center center;object-position:center center}@supports not (aspect-ratio:1\/1){.elementor-widget-video .elementor-custom-embed-image-overlay{position:relative;overflow:hidden;height:0;padding-bottom:calc(100% \/ var(--video-aspect-ratio))}.elementor-widget-video .elementor-custom-embed-image-overlay img{position:absolute;top:0;right:0;bottom:0;left:0}}.elementor-widget-video .e-hosted-video .elementor-video{-o-object-fit:cover;object-fit:cover}.e-con-inner>.elementor-widget-video,.e-con>.elementor-widget-video{width:var(--container-widget-width);--flex-grow:var(--container-widget-flex-grow)}<\/style>\t\t<div class=\"elementor-wrapper elementor-open-inline\">\n\t\t\t<div class=\"elementor-video\"><\/div>\t\t<\/div>\n\t\t\t\t<\/div>\n\t\t\t\t<\/div>\n\t\t\t\t\t<\/div>\n\t\t<\/div>\n\t\t\t\t\t<\/div>\n\t\t<\/section>\n\t\t\t\t<\/div>","protected":false},"excerpt":{"rendered":"<p>safyr OPC reconnu comme l\u2019Innovation de l\u2019ann\u00e9e par un jury d&rsquo;experts au salon ContaminExpo Dix-sept candidats \u00e9taient en lice pour rafler l\u2019un des trois prix de l\u2019Innovation 2023, d\u00e9cern\u00e9 lors du salon ContaminExpo, qui s\u2019est d\u00e9roul\u00e9, \u00e0 Paris, du 28 au 30 mars dernier. Dans la cat\u00e9gorie \u00ab mat\u00e9riels d\u2019exploitation \u00bb, HeX+safyr, gr\u00e2ce \u00e0 son [&hellip;]<\/p>","protected":false},"author":11,"featured_media":3748,"comment_status":"open","ping_status":"open","sticky":false,"template":"","format":"standard","meta":{"footnotes":""},"categories":[1],"tags":[],"class_list":["post-3746","post","type-post","status-publish","format-standard","has-post-thumbnail","hentry","category-non-classe"],"acf":[],"yoast_head":"<!-- This site is optimized with the Yoast SEO plugin v27.5 - https:\/\/yoast.com\/product\/yoast-seo-wordpress\/ -->\n<title>Prix de l&#039;Innovation 2023 pour le compteur particulaire safyr OPC<\/title>\n<meta name=\"description\" content=\"Prix de l&#039;Innovation 2023 pour safyr OPC : fin mars, la soci\u00e9t\u00e9 safyr a re\u00e7cu le prix de l&#039;Innovation 2023 \u00e0 l&#039;occasion du salon ContaminExpo\" \/>\n<meta name=\"robots\" content=\"index, follow, max-snippet:-1, max-image-preview:large, max-video-preview:-1\" \/>\n<link rel=\"canonical\" href=\"https:\/\/www.optical-particle-counter.com\/en\/2023\/04\/07\/prix-de-linnovation-2023-pour-safyr-opc\/\" \/>\n<meta property=\"og:locale\" content=\"en_US\" \/>\n<meta property=\"og:type\" content=\"article\" \/>\n<meta property=\"og:title\" content=\"Prix de l&#039;Innovation 2023 pour safyr OPC\" \/>\n<meta property=\"og:description\" content=\"Prix de l&#039;Innovation 2023 pour safyr OPC : fin mars, la soci\u00e9t\u00e9 safyr a re\u00e7cu le prix de l&#039;Innovation 2023 \u00e0 l&#039;occasion du salon ContaminExpo\" \/>\n<meta property=\"og:url\" content=\"https:\/\/www.optical-particle-counter.com\/en\/2023\/04\/07\/prix-de-linnovation-2023-pour-safyr-opc\/\" \/>\n<meta property=\"og:site_name\" content=\"Safyr OPC\" \/>\n<meta property=\"article:published_time\" content=\"2023-04-07T08:14:06+00:00\" \/>\n<meta property=\"article:modified_time\" content=\"2024-06-20T09:45:16+00:00\" \/>\n<meta property=\"og:image\" content=\"https:\/\/www.optical-particle-counter.com\/wp-content\/uploads\/2023\/04\/Plan-de-travail-1-copie-2_6@2x-100.jpg\" \/>\n\t<meta property=\"og:image:width\" content=\"2401\" \/>\n\t<meta property=\"og:image:height\" content=\"2401\" \/>\n\t<meta property=\"og:image:type\" content=\"image\/jpeg\" \/>\n<meta name=\"author\" content=\"justine.dubois@hex-group.eu\" \/>\n<meta name=\"twitter:card\" content=\"summary_large_image\" \/>\n<meta name=\"twitter:title\" content=\"Prix de l&#039;Innovation 2023 pour safyr OPC\" \/>\n<meta name=\"twitter:description\" content=\"Prix de l&#039;Innovation 2023 pour safyr OPC : fin mars, la soci\u00e9t\u00e9 safyr a re\u00e7cu le prix de l&#039;Innovation 2023 \u00e0 l&#039;occasion du salon ContaminExpo\" \/>\n<meta name=\"twitter:image\" content=\"https:\/\/www.optical-particle-counter.com\/wp-content\/uploads\/2023\/04\/Plan-de-travail-1-copie-2_6@2x-100.jpg\" \/>\n<meta name=\"twitter:label1\" content=\"Written by\" \/>\n\t<meta name=\"twitter:data1\" content=\"justine.dubois@hex-group.eu\" \/>\n\t<meta name=\"twitter:label2\" content=\"Est. reading time\" \/>\n\t<meta name=\"twitter:data2\" content=\"4 minutes\" \/>\n<script type=\"application\/ld+json\" class=\"yoast-schema-graph\">{\"@context\":\"https:\\\/\\\/schema.org\",\"@graph\":[{\"@type\":\"Article\",\"@id\":\"https:\\\/\\\/www.optical-particle-counter.com\\\/2023\\\/04\\\/07\\\/prix-de-linnovation-2023-pour-safyr-opc\\\/#article\",\"isPartOf\":{\"@id\":\"https:\\\/\\\/www.optical-particle-counter.com\\\/2023\\\/04\\\/07\\\/prix-de-linnovation-2023-pour-safyr-opc\\\/\"},\"author\":{\"name\":\"justine.dubois@hex-group.eu\",\"@id\":\"https:\\\/\\\/www.optical-particle-counter.com\\\/#\\\/schema\\\/person\\\/8121505ee3243e95a9ff32c4fb2787d1\"},\"headline\":\"Prix de l&rsquo;Innovation 2023 pour safyr OPC\",\"datePublished\":\"2023-04-07T08:14:06+00:00\",\"dateModified\":\"2024-06-20T09:45:16+00:00\",\"mainEntityOfPage\":{\"@id\":\"https:\\\/\\\/www.optical-particle-counter.com\\\/2023\\\/04\\\/07\\\/prix-de-linnovation-2023-pour-safyr-opc\\\/\"},\"wordCount\":566,\"commentCount\":0,\"publisher\":{\"@id\":\"https:\\\/\\\/www.optical-particle-counter.com\\\/#organization\"},\"image\":{\"@id\":\"https:\\\/\\\/www.optical-particle-counter.com\\\/2023\\\/04\\\/07\\\/prix-de-linnovation-2023-pour-safyr-opc\\\/#primaryimage\"},\"thumbnailUrl\":\"https:\\\/\\\/www.optical-particle-counter.com\\\/wp-content\\\/uploads\\\/2023\\\/04\\\/Photo-equipe-prix-inno.jpg\",\"articleSection\":[\"Non class\u00e9\"],\"inLanguage\":\"en-US\",\"potentialAction\":[{\"@type\":\"CommentAction\",\"name\":\"Comment\",\"target\":[\"https:\\\/\\\/www.optical-particle-counter.com\\\/2023\\\/04\\\/07\\\/prix-de-linnovation-2023-pour-safyr-opc\\\/#respond\"]}]},{\"@type\":\"WebPage\",\"@id\":\"https:\\\/\\\/www.optical-particle-counter.com\\\/2023\\\/04\\\/07\\\/prix-de-linnovation-2023-pour-safyr-opc\\\/\",\"url\":\"https:\\\/\\\/www.optical-particle-counter.com\\\/2023\\\/04\\\/07\\\/prix-de-linnovation-2023-pour-safyr-opc\\\/\",\"name\":\"Prix de l'Innovation 2023 pour le compteur particulaire safyr OPC\",\"isPartOf\":{\"@id\":\"https:\\\/\\\/www.optical-particle-counter.com\\\/#website\"},\"primaryImageOfPage\":{\"@id\":\"https:\\\/\\\/www.optical-particle-counter.com\\\/2023\\\/04\\\/07\\\/prix-de-linnovation-2023-pour-safyr-opc\\\/#primaryimage\"},\"image\":{\"@id\":\"https:\\\/\\\/www.optical-particle-counter.com\\\/2023\\\/04\\\/07\\\/prix-de-linnovation-2023-pour-safyr-opc\\\/#primaryimage\"},\"thumbnailUrl\":\"https:\\\/\\\/www.optical-particle-counter.com\\\/wp-content\\\/uploads\\\/2023\\\/04\\\/Photo-equipe-prix-inno.jpg\",\"datePublished\":\"2023-04-07T08:14:06+00:00\",\"dateModified\":\"2024-06-20T09:45:16+00:00\",\"description\":\"Prix de l'Innovation 2023 pour safyr OPC : fin mars, la soci\u00e9t\u00e9 safyr a re\u00e7cu le prix de l'Innovation 2023 \u00e0 l'occasion du salon ContaminExpo\",\"breadcrumb\":{\"@id\":\"https:\\\/\\\/www.optical-particle-counter.com\\\/2023\\\/04\\\/07\\\/prix-de-linnovation-2023-pour-safyr-opc\\\/#breadcrumb\"},\"inLanguage\":\"en-US\",\"potentialAction\":[{\"@type\":\"ReadAction\",\"target\":[\"https:\\\/\\\/www.optical-particle-counter.com\\\/2023\\\/04\\\/07\\\/prix-de-linnovation-2023-pour-safyr-opc\\\/\"]}]},{\"@type\":\"ImageObject\",\"inLanguage\":\"en-US\",\"@id\":\"https:\\\/\\\/www.optical-particle-counter.com\\\/2023\\\/04\\\/07\\\/prix-de-linnovation-2023-pour-safyr-opc\\\/#primaryimage\",\"url\":\"https:\\\/\\\/www.optical-particle-counter.com\\\/wp-content\\\/uploads\\\/2023\\\/04\\\/Photo-equipe-prix-inno.jpg\",\"contentUrl\":\"https:\\\/\\\/www.optical-particle-counter.com\\\/wp-content\\\/uploads\\\/2023\\\/04\\\/Photo-equipe-prix-inno.jpg\",\"width\":2048,\"height\":1501,\"caption\":\"Prix de l'Innovation 2023: photo d'\u00e9quipe\"},{\"@type\":\"BreadcrumbList\",\"@id\":\"https:\\\/\\\/www.optical-particle-counter.com\\\/2023\\\/04\\\/07\\\/prix-de-linnovation-2023-pour-safyr-opc\\\/#breadcrumb\",\"itemListElement\":[{\"@type\":\"ListItem\",\"position\":1,\"name\":\"Accueil\",\"item\":\"https:\\\/\\\/www.optical-particle-counter.com\\\/\"},{\"@type\":\"ListItem\",\"position\":2,\"name\":\"Prix de l&rsquo;Innovation 2023 pour safyr OPC\"}]},{\"@type\":\"WebSite\",\"@id\":\"https:\\\/\\\/www.optical-particle-counter.com\\\/#website\",\"url\":\"https:\\\/\\\/www.optical-particle-counter.com\\\/\",\"name\":\"Safyr OPC\",\"description\":\"Optical Particle Counter\",\"publisher\":{\"@id\":\"https:\\\/\\\/www.optical-particle-counter.com\\\/#organization\"},\"potentialAction\":[{\"@type\":\"SearchAction\",\"target\":{\"@type\":\"EntryPoint\",\"urlTemplate\":\"https:\\\/\\\/www.optical-particle-counter.com\\\/?s={search_term_string}\"},\"query-input\":{\"@type\":\"PropertyValueSpecification\",\"valueRequired\":true,\"valueName\":\"search_term_string\"}}],\"inLanguage\":\"en-US\"},{\"@type\":\"Organization\",\"@id\":\"https:\\\/\\\/www.optical-particle-counter.com\\\/#organization\",\"name\":\"Safyr OPC\",\"url\":\"https:\\\/\\\/www.optical-particle-counter.com\\\/\",\"logo\":{\"@type\":\"ImageObject\",\"inLanguage\":\"en-US\",\"@id\":\"https:\\\/\\\/www.optical-particle-counter.com\\\/#\\\/schema\\\/logo\\\/image\\\/\",\"url\":\"https:\\\/\\\/www.optical-particle-counter.com\\\/wp-content\\\/uploads\\\/2022\\\/01\\\/Logo-Safyr-OPC.svg\",\"contentUrl\":\"https:\\\/\\\/www.optical-particle-counter.com\\\/wp-content\\\/uploads\\\/2022\\\/01\\\/Logo-Safyr-OPC.svg\",\"width\":176,\"height\":33,\"caption\":\"Safyr OPC\"},\"image\":{\"@id\":\"https:\\\/\\\/www.optical-particle-counter.com\\\/#\\\/schema\\\/logo\\\/image\\\/\"}},{\"@type\":\"Person\",\"@id\":\"https:\\\/\\\/www.optical-particle-counter.com\\\/#\\\/schema\\\/person\\\/8121505ee3243e95a9ff32c4fb2787d1\",\"name\":\"justine.dubois@hex-group.eu\",\"image\":{\"@type\":\"ImageObject\",\"inLanguage\":\"en-US\",\"@id\":\"https:\\\/\\\/secure.gravatar.com\\\/avatar\\\/a3e8357c2801d913e5a555e0524180e15983979de06c92d4cadb7ec607f6420e?s=96&d=mm&r=g\",\"url\":\"https:\\\/\\\/secure.gravatar.com\\\/avatar\\\/a3e8357c2801d913e5a555e0524180e15983979de06c92d4cadb7ec607f6420e?s=96&d=mm&r=g\",\"contentUrl\":\"https:\\\/\\\/secure.gravatar.com\\\/avatar\\\/a3e8357c2801d913e5a555e0524180e15983979de06c92d4cadb7ec607f6420e?s=96&d=mm&r=g\",\"caption\":\"justine.dubois@hex-group.eu\"},\"url\":\"https:\\\/\\\/www.optical-particle-counter.com\\\/en\\\/author\\\/justine-duboishex-group-eu\\\/\"}]}<\/script>\n<!-- \/ Yoast SEO plugin. -->","yoast_head_json":{"title":"Prix de l'Innovation 2023 pour le compteur particulaire safyr OPC","description":"Prix de l'Innovation 2023 pour safyr OPC : fin mars, la soci\u00e9t\u00e9 safyr a re\u00e7cu le prix de l'Innovation 2023 \u00e0 l'occasion du salon ContaminExpo","robots":{"index":"index","follow":"follow","max-snippet":"max-snippet:-1","max-image-preview":"max-image-preview:large","max-video-preview":"max-video-preview:-1"},"canonical":"https:\/\/www.optical-particle-counter.com\/en\/2023\/04\/07\/prix-de-linnovation-2023-pour-safyr-opc\/","og_locale":"en_US","og_type":"article","og_title":"Prix de l'Innovation 2023 pour safyr OPC","og_description":"Prix de l'Innovation 2023 pour safyr OPC : fin mars, la soci\u00e9t\u00e9 safyr a re\u00e7cu le prix de l'Innovation 2023 \u00e0 l'occasion du salon ContaminExpo","og_url":"https:\/\/www.optical-particle-counter.com\/en\/2023\/04\/07\/prix-de-linnovation-2023-pour-safyr-opc\/","og_site_name":"Safyr OPC","article_published_time":"2023-04-07T08:14:06+00:00","article_modified_time":"2024-06-20T09:45:16+00:00","og_image":[{"width":2401,"height":2401,"url":"https:\/\/www.optical-particle-counter.com\/wp-content\/uploads\/2023\/04\/Plan-de-travail-1-copie-2_6@2x-100.jpg","type":"image\/jpeg"}],"author":"justine.dubois@hex-group.eu","twitter_card":"summary_large_image","twitter_title":"Prix de l'Innovation 2023 pour safyr OPC","twitter_description":"Prix de l'Innovation 2023 pour safyr OPC : fin mars, la soci\u00e9t\u00e9 safyr a re\u00e7cu le prix de l'Innovation 2023 \u00e0 l'occasion du salon ContaminExpo","twitter_image":"https:\/\/www.optical-particle-counter.com\/wp-content\/uploads\/2023\/04\/Plan-de-travail-1-copie-2_6@2x-100.jpg","twitter_misc":{"Written by":"justine.dubois@hex-group.eu","Est. reading time":"4 minutes"},"schema":{"@context":"https:\/\/schema.org","@graph":[{"@type":"Article","@id":"https:\/\/www.optical-particle-counter.com\/2023\/04\/07\/prix-de-linnovation-2023-pour-safyr-opc\/#article","isPartOf":{"@id":"https:\/\/www.optical-particle-counter.com\/2023\/04\/07\/prix-de-linnovation-2023-pour-safyr-opc\/"},"author":{"name":"justine.dubois@hex-group.eu","@id":"https:\/\/www.optical-particle-counter.com\/#\/schema\/person\/8121505ee3243e95a9ff32c4fb2787d1"},"headline":"Prix de l&rsquo;Innovation 2023 pour safyr OPC","datePublished":"2023-04-07T08:14:06+00:00","dateModified":"2024-06-20T09:45:16+00:00","mainEntityOfPage":{"@id":"https:\/\/www.optical-particle-counter.com\/2023\/04\/07\/prix-de-linnovation-2023-pour-safyr-opc\/"},"wordCount":566,"commentCount":0,"publisher":{"@id":"https:\/\/www.optical-particle-counter.com\/#organization"},"image":{"@id":"https:\/\/www.optical-particle-counter.com\/2023\/04\/07\/prix-de-linnovation-2023-pour-safyr-opc\/#primaryimage"},"thumbnailUrl":"https:\/\/www.optical-particle-counter.com\/wp-content\/uploads\/2023\/04\/Photo-equipe-prix-inno.jpg","articleSection":["Non class\u00e9"],"inLanguage":"en-US","potentialAction":[{"@type":"CommentAction","name":"Comment","target":["https:\/\/www.optical-particle-counter.com\/2023\/04\/07\/prix-de-linnovation-2023-pour-safyr-opc\/#respond"]}]},{"@type":"WebPage","@id":"https:\/\/www.optical-particle-counter.com\/2023\/04\/07\/prix-de-linnovation-2023-pour-safyr-opc\/","url":"https:\/\/www.optical-particle-counter.com\/2023\/04\/07\/prix-de-linnovation-2023-pour-safyr-opc\/","name":"Prix de l'Innovation 2023 pour le compteur particulaire safyr OPC","isPartOf":{"@id":"https:\/\/www.optical-particle-counter.com\/#website"},"primaryImageOfPage":{"@id":"https:\/\/www.optical-particle-counter.com\/2023\/04\/07\/prix-de-linnovation-2023-pour-safyr-opc\/#primaryimage"},"image":{"@id":"https:\/\/www.optical-particle-counter.com\/2023\/04\/07\/prix-de-linnovation-2023-pour-safyr-opc\/#primaryimage"},"thumbnailUrl":"https:\/\/www.optical-particle-counter.com\/wp-content\/uploads\/2023\/04\/Photo-equipe-prix-inno.jpg","datePublished":"2023-04-07T08:14:06+00:00","dateModified":"2024-06-20T09:45:16+00:00","description":"Prix de l'Innovation 2023 pour safyr OPC : fin mars, la soci\u00e9t\u00e9 safyr a re\u00e7cu le prix de l'Innovation 2023 \u00e0 l'occasion du salon ContaminExpo","breadcrumb":{"@id":"https:\/\/www.optical-particle-counter.com\/2023\/04\/07\/prix-de-linnovation-2023-pour-safyr-opc\/#breadcrumb"},"inLanguage":"en-US","potentialAction":[{"@type":"ReadAction","target":["https:\/\/www.optical-particle-counter.com\/2023\/04\/07\/prix-de-linnovation-2023-pour-safyr-opc\/"]}]},{"@type":"ImageObject","inLanguage":"en-US","@id":"https:\/\/www.optical-particle-counter.com\/2023\/04\/07\/prix-de-linnovation-2023-pour-safyr-opc\/#primaryimage","url":"https:\/\/www.optical-particle-counter.com\/wp-content\/uploads\/2023\/04\/Photo-equipe-prix-inno.jpg","contentUrl":"https:\/\/www.optical-particle-counter.com\/wp-content\/uploads\/2023\/04\/Photo-equipe-prix-inno.jpg","width":2048,"height":1501,"caption":"Prix de l'Innovation 2023: photo d'\u00e9quipe"},{"@type":"BreadcrumbList","@id":"https:\/\/www.optical-particle-counter.com\/2023\/04\/07\/prix-de-linnovation-2023-pour-safyr-opc\/#breadcrumb","itemListElement":[{"@type":"ListItem","position":1,"name":"Accueil","item":"https:\/\/www.optical-particle-counter.com\/"},{"@type":"ListItem","position":2,"name":"Prix de l&rsquo;Innovation 2023 pour safyr OPC"}]},{"@type":"WebSite","@id":"https:\/\/www.optical-particle-counter.com\/#website","url":"https:\/\/www.optical-particle-counter.com\/","name":"Safyr OPC","description":"Optical Particle Counter","publisher":{"@id":"https:\/\/www.optical-particle-counter.com\/#organization"},"potentialAction":[{"@type":"SearchAction","target":{"@type":"EntryPoint","urlTemplate":"https:\/\/www.optical-particle-counter.com\/?s={search_term_string}"},"query-input":{"@type":"PropertyValueSpecification","valueRequired":true,"valueName":"search_term_string"}}],"inLanguage":"en-US"},{"@type":"Organization","@id":"https:\/\/www.optical-particle-counter.com\/#organization","name":"Safyr OPC","url":"https:\/\/www.optical-particle-counter.com\/","logo":{"@type":"ImageObject","inLanguage":"en-US","@id":"https:\/\/www.optical-particle-counter.com\/#\/schema\/logo\/image\/","url":"https:\/\/www.optical-particle-counter.com\/wp-content\/uploads\/2022\/01\/Logo-Safyr-OPC.svg","contentUrl":"https:\/\/www.optical-particle-counter.com\/wp-content\/uploads\/2022\/01\/Logo-Safyr-OPC.svg","width":176,"height":33,"caption":"Safyr OPC"},"image":{"@id":"https:\/\/www.optical-particle-counter.com\/#\/schema\/logo\/image\/"}},{"@type":"Person","@id":"https:\/\/www.optical-particle-counter.com\/#\/schema\/person\/8121505ee3243e95a9ff32c4fb2787d1","name":"justine.dubois@hex-group.eu","image":{"@type":"ImageObject","inLanguage":"en-US","@id":"https:\/\/secure.gravatar.com\/avatar\/a3e8357c2801d913e5a555e0524180e15983979de06c92d4cadb7ec607f6420e?s=96&d=mm&r=g","url":"https:\/\/secure.gravatar.com\/avatar\/a3e8357c2801d913e5a555e0524180e15983979de06c92d4cadb7ec607f6420e?s=96&d=mm&r=g","contentUrl":"https:\/\/secure.gravatar.com\/avatar\/a3e8357c2801d913e5a555e0524180e15983979de06c92d4cadb7ec607f6420e?s=96&d=mm&r=g","caption":"justine.dubois@hex-group.eu"},"url":"https:\/\/www.optical-particle-counter.com\/en\/author\/justine-duboishex-group-eu\/"}]}},"_links":{"self":[{"href":"https:\/\/www.optical-particle-counter.com\/en\/wp-json\/wp\/v2\/posts\/3746","targetHints":{"allow":["GET"]}}],"collection":[{"href":"https:\/\/www.optical-particle-counter.com\/en\/wp-json\/wp\/v2\/posts"}],"about":[{"href":"https:\/\/www.optical-particle-counter.com\/en\/wp-json\/wp\/v2\/types\/post"}],"author":[{"embeddable":true,"href":"https:\/\/www.optical-particle-counter.com\/en\/wp-json\/wp\/v2\/users\/11"}],"replies":[{"embeddable":true,"href":"https:\/\/www.optical-particle-counter.com\/en\/wp-json\/wp\/v2\/comments?post=3746"}],"version-history":[{"count":68,"href":"https:\/\/www.optical-particle-counter.com\/en\/wp-json\/wp\/v2\/posts\/3746\/revisions"}],"predecessor-version":[{"id":4513,"href":"https:\/\/www.optical-particle-counter.com\/en\/wp-json\/wp\/v2\/posts\/3746\/revisions\/4513"}],"wp:featuredmedia":[{"embeddable":true,"href":"https:\/\/www.optical-particle-counter.com\/en\/wp-json\/wp\/v2\/media\/3748"}],"wp:attachment":[{"href":"https:\/\/www.optical-particle-counter.com\/en\/wp-json\/wp\/v2\/media?parent=3746"}],"wp:term":[{"taxonomy":"category","embeddable":true,"href":"https:\/\/www.optical-particle-counter.com\/en\/wp-json\/wp\/v2\/categories?post=3746"},{"taxonomy":"post_tag","embeddable":true,"href":"https:\/\/www.optical-particle-counter.com\/en\/wp-json\/wp\/v2\/tags?post=3746"}],"curies":[{"name":"wp","href":"https:\/\/api.w.org\/{rel}","templated":true}]}}